{"id":392241,"date":"2025-09-15T09:26:09","date_gmt":"2025-09-15T09:26:09","guid":{"rendered":"https:\/\/www.europesays.com\/fr\/392241\/"},"modified":"2025-09-15T09:26:09","modified_gmt":"2025-09-15T09:26:09","slug":"transports-ecoles-qui-va-faire-greve-pour-la-journee-de-mobilisation-du-18-septembre","status":"publish","type":"post","link":"https:\/\/www.europesays.com\/fr\/392241\/","title":{"rendered":"Transports, \u00e9coles&#8230; Qui va faire gr\u00e8ve pour la journ\u00e9e de mobilisation du 18 septembre?"},"content":{"rendered":"<p>Des transports \u00e0 l&rsquo;\u00c9ducation nationale, plusieurs secteurs sont concern\u00e9s par la mobilisation du 18 septembre lanc\u00e9e \u00e0 l&rsquo;initiative des syndicats. Avec d&rsquo;importantes perturbations partout en France \u00e0 pr\u00e9voir.<\/p>\n<p>Les travailleurs dans la rue. L&rsquo;intersyndicale a appel\u00e9 \u00e0 une<a href=\"https:\/\/www.bfmtv.com\/societe\/manifestations\/le-rendez-vous-a-ne-pas-louper-sophie-binet-appelle-a-faire-greve-et-a-manifester-le-18-septembre_AV-202509130312.html\" title=\"&quot;Le rendez-vous \u00e0 ne pas louper&quot;: Sophie Binet appelle \u00e0 faire gr\u00e8ve et \u00e0 manifester le 18 septembre\" class=\"internal_link\" rel=\"nofollow noopener\" target=\"_blank\"> journ\u00e9e de gr\u00e8ve et de manifestations jeudi 18 septembre<\/a>, un peu plus d&rsquo;une semaine par apr\u00e8s la participation de 197.000 personnes, selon le minist\u00e8re de l&rsquo;Int\u00e9rieur, \u00e0 la <a href=\"https:\/\/www.bfmtv.com\/paris\/le-feu-s-est-propage-rapidement-le-gerant-du-restaurant-incendie-a-paris-lors-des-manifestations-du-10-septembre-temoigne_AV-202509110693.html\" title=\"&quot;Le feu s\u2019est propag\u00e9 rapidement \u00e0 l&#039;int\u00e9rieur&quot;: le g\u00e9rant du restaurant incendi\u00e9 \u00e0 Paris lors des manifestations du 10 septembre t\u00e9moigne\" class=\"internal_link\" rel=\"nofollow noopener\" target=\"_blank\">journ\u00e9e de mobilisation citoyenne du 10 septembre<\/a>.<\/p>\n<p>L&rsquo;appel lanc\u00e9 fin ao\u00fbt pour protester contre les mesures d&rsquo;\u00e9conomies budg\u00e9taires propos\u00e9es par Fran\u00e7ois Bayrou a r\u00e9sist\u00e9 <a href=\"https:\/\/www.bfmtv.com\/politique\/gouvernement\/seulement-2min-et-48s-une-passation-de-pouvoir-entre-francois-bayrou-et-sebastien-lecornu-sous-le-signe-de-l-humilite_AV-202509100565.html\" title=\"Seulement 2min et 48s: une passation de pouvoir entre Fran\u00e7ois Bayrou et S\u00e9bastien Lecornu sous le signe de l&#039;&quot;humilit\u00e9&quot;\" class=\"internal_link\" rel=\"nofollow noopener\" target=\"_blank\">\u00e0 la chute du Premier ministre<\/a>, remplac\u00e9 par S\u00e9bastien Lecornu <a href=\"https:\/\/www.bfmtv.com\/politique\/gouvernement\/faire-de-l-anti-bayrou-entre-negociation-et-calinotherapie-comment-sebastien-lecornu-va-tenter-de-durer-a-matignon_GN-202509140044.html\" title=\"&quot;Faire de l&#039;anti-Bayrou&quot;? Entre n\u00e9gociation et c\u00e2linoth\u00e9rapie, comment S\u00e9bastien Lecornu va tenter de durer \u00e0 Matignon\" class=\"internal_link\" rel=\"nofollow noopener\" target=\"_blank\">qui a commenc\u00e9 vendredi \u00e0 consulter les partenaires sociaux.<\/a><\/p>\n<p>\u00b7 \u00ab\u00a0Journ\u00e9e noire\u00a0\u00bb dans les transports<\/p>\n<p>Le ministre des Transports d\u00e9missionnaire a mis en garde jeudi dernier sur <a href=\"https:\/\/www.franceinfo.fr\/economie\/transports\/appel-a-la-greve-pour-le-18-septembre-la-mobilisation-du-18-sera-beaucoup-plus-forte-que-la-mobilisation-du-10-redoute-le-ministre-demissionnaire-des-transports_7486588.html\" target=\"_blank\" class=\"external_link\" rel=\"nofollow noopener\">Franceinfo<\/a> contre une \u00ab\u00a0journ\u00e9e noire\u00a0\u00bb dans les transports, estimant que \u00ab\u00a0la mobilisation du 18 [septembre] sera beaucoup plus forte que la mobilisation du 10 [septembre] quant au nombre de gr\u00e9vistes\u00a0\u00bb.<\/p>\n<p>Dans la branche ferroviaire, quatre syndicats \u2013 CGT-Cheminots, Unsa ferroviaire, SUD-Rail et CFDT-Cheminots \u2013 ont lanc\u00e9 un appel \u00e0 la gr\u00e8ve. Dans un <a href=\"https:\/\/www.cheminotcgt.fr\/espace_presse_accueil\/soyons-forts-ensemble-le-18-septembre-pour-gagner\/\" target=\"_blank\" class=\"external_link\" rel=\"nofollow noopener\">communiqu\u00e9<\/a> commun, ils appellent notamment \u00e0 \u00ab\u00a0stopper les processus de mise en concurrence, de dumping social et de filialisation\u00a0\u00bb.<\/p>\n<p>En r\u00e9gion parisienne, les quatre principaux syndicats (CGT, FO, Unsa Mobilit\u00e9 et la CFE-CGC) appellent aussi \u00e0 la mobilisation, refusant \u00ab\u00a0d\u2019\u00eatre les variables d\u2019ajustement d\u2019un projet d\u2019aust\u00e9rit\u00e9 injuste\u00a0\u00bb, selon un <a href=\"https:\/\/www.cgt-ratp.fr\/comunique-des-organisations-syndicales-representatives-de-la-ratp\/\" target=\"_blank\" class=\"external_link\" rel=\"nofollow noopener\">communiqu\u00e9<\/a> publi\u00e9 avant la d\u00e9mission de Fran\u00e7ois Bayrou.<\/p>\n<p>Dans le secteur a\u00e9rien, FO-Air France, premier syndicat du groupe, a appel\u00e9 ses adh\u00e9rents \u00e0 rejoindre le mouvement du 18 pour \u00ab\u00a0combattre l&rsquo;aust\u00e9rit\u00e9\u00a0\u00bb. Le principal syndicat des contr\u00f4leurs, SNCTA, a lui report\u00e9 sa gr\u00e8ve faute d&rsquo;interlocuteur au gouvernement pour faire aboutir ses revendications, mais entend poursuivre le mouvement du 7 au 9 octobre.<\/p>\n<p>\u00b7 Les enseignants appel\u00e9s \u00e0 la gr\u00e8ve<\/p>\n<p>Dans l&rsquo;\u00c9ducation nationale, la plupart des syndicats (FSU, UNSA \u00c9ducation, FNEC FP FO, CFDT \u00c9ducation formation recherche publiques, CGT Educ&rsquo;action et SUD Education) soutiennent la mobilisation de ce jeudi.<\/p>\n<blockquote class=\"embed embed_quote\"><p>\u00ab\u00a0Les annonces de Fran\u00e7ois Bayrou sur le budget 2026 ont suscit\u00e9 une grande col\u00e8re. Elle ne retombera pas avec la d\u00e9mission du gouvernement\u00a0\u00bb, pr\u00e9viennent-ils dans un <a href=\"https:\/\/www.snes.edu\/article\/18-septembre-en-greve-et-dans-les-manifestations\/\" target=\"_blank\" class=\"external_link\" rel=\"nofollow noopener\">communiqu\u00e9 commun.<\/a><\/p><\/blockquote>\n<p>La rentr\u00e9e n&rsquo;a pas calm\u00e9 leur col\u00e8re, au contraire. \u00ab\u00a0Les \u00e9coles, coll\u00e8ges et lyc\u00e9es sont asphyxi\u00e9s par le manque de moyens. Les classes sont surcharg\u00e9es, les vies scolaires sont sous pression, des \u00e9l\u00e8ves n\u2019ont pas l\u2019AESH qu\u2019ils devraient pourtant avoir\u00a0\u00bb, illustrent les syndicats.<\/p>\n<p>\u00b7 Les pharmacies ferm\u00e9es<\/p>\n<p>L&rsquo;intersyndicale des pharmaciens (Uspo, FSPF, UNPF, Federgy, UDGPO), mobilis\u00e9 depuis cet \u00e9t\u00e9 pour protester <a href=\"https:\/\/www.bfmtv.com\/economie\/economie-social\/dans-les-15-dernieres-annees-4-000-officines-ont-ferme-le-cri-d-alarme-des-pharmaciens-contre-les-baisses-de-remises-commerciales-sur-les-medicaments-generiques_AV-202508140275.html\" title=\"&quot;Dans les 15 derni\u00e8res ann\u00e9es, 4.000 officines ont ferm\u00e9&quot;: le cri d&#039;alarme des pharmaciens contre les baisses de remises commerciales sur les m\u00e9dicaments g\u00e9n\u00e9riques\" class=\"internal_link\" rel=\"nofollow noopener\" target=\"_blank\">contre la baisse des remises commerciales sur les g\u00e9n\u00e9riques<\/a>, appelle \u00e0 la fermeture des pharmacies le 18 septembre.<\/p>\n<p>Malgr\u00e9 les nouvelles missions attribu\u00e9es aux pharmaciens, notamment en mati\u00e8re de vaccination, les officines sont de moins en moins nombreuses dans le pays alors m\u00eame que la demande de soins augmente sous l&rsquo;effet du vieillissement de la population, alerte la F\u00e9d\u00e9ration des syndicats pharmaceutiques de France (FSPF).<\/p>\n<p>\u00b7 \u00c9lectricit\u00e9, gaz: la mobilisation se poursuit<\/p>\n<p>Les \u00e9lectriciens et gaziers, en gr\u00e8ve depuis d\u00e9but septembre <a href=\"https:\/\/www.bfmtv.com\/economie\/economie-social\/reforme-des-retraites-baisse-de-la-tva-la-cgt-appelle-les-salaries-de-l-electricite-et-du-gaz-a-une-greve-de-24-heures-reconductible_AD-202509020132.html\" title=\"R\u00e9forme des retraites, baisse de la TVA\u2026 La CGT appelle les salari\u00e9s de l&#039;\u00e9lectricit\u00e9 et du gaz \u00e0 une gr\u00e8ve de 24 heures reconductible\" class=\"internal_link\" rel=\"nofollow noopener\" target=\"_blank\">\u00e0 l&rsquo;appel de la CGT<\/a>, pour r\u00e9clamer une hausse des salaires et une baisse de la fiscalit\u00e9 de l&rsquo;\u00e9nergie, ont reconduit leur mouvement jusqu&rsquo;\u00e0 la journ\u00e9e de mobilisation du 18 septembre.<\/p>\n<p>Le syndicat r\u00e9clame un certain nombre de mesures salariales, notamment l&rsquo;alignement sur le Smic du premier \u00e9chelon de la grille des salaires, actuellement inf\u00e9rieur de 9% au salaire minimum et une revalorisation des indemnit\u00e9s d&rsquo;astreintes, ainsi qu&rsquo;une baisse de la TVA de 20% \u00e0 5,5% sur les factures d&rsquo;\u00e9nergie.<\/p>\n","protected":false},"excerpt":{"rendered":"Des transports \u00e0 l&rsquo;\u00c9ducation nationale, plusieurs secteurs sont concern\u00e9s par la mobilisation du 18 septembre lanc\u00e9e \u00e0 l&rsquo;initiative&hellip;\n","protected":false},"author":2,"featured_media":392242,"comment_status":"","ping_status":"","sticky":false,"template":"","format":"standard","meta":{"footnotes":""},"categories":[4],"tags":[11,1011,27,12,25],"class_list":{"0":"post-392241","1":"post","2":"type-post","3":"status-publish","4":"format-standard","5":"has-post-thumbnail","7":"category-france","8":"tag-actualites","9":"tag-fr","10":"tag-france","11":"tag-news","12":"tag-republique-francaise"},"share_on_mastodon":{"url":"https:\/\/pubeurope.com\/@fr\/115207601116843120","error":""},"_links":{"self":[{"href":"https:\/\/www.europesays.com\/fr\/wp-json\/wp\/v2\/posts\/392241","targetHints":{"allow":["GET"]}}],"collection":[{"href":"https:\/\/www.europesays.com\/fr\/wp-json\/wp\/v2\/posts"}],"about":[{"href":"https:\/\/www.europesays.com\/fr\/wp-json\/wp\/v2\/types\/post"}],"author":[{"embeddable":true,"href":"https:\/\/www.europesays.com\/fr\/wp-json\/wp\/v2\/users\/2"}],"replies":[{"embeddable":true,"href":"https:\/\/www.europesays.com\/fr\/wp-json\/wp\/v2\/comments?post=392241"}],"version-history":[{"count":0,"href":"https:\/\/www.europesays.com\/fr\/wp-json\/wp\/v2\/posts\/392241\/revisions"}],"wp:featuredmedia":[{"embeddable":true,"href":"https:\/\/www.europesays.com\/fr\/wp-json\/wp\/v2\/media\/392242"}],"wp:attachment":[{"href":"https:\/\/www.europesays.com\/fr\/wp-json\/wp\/v2\/media?parent=392241"}],"wp:term":[{"taxonomy":"category","embeddable":true,"href":"https:\/\/www.europesays.com\/fr\/wp-json\/wp\/v2\/categories?post=392241"},{"taxonomy":"post_tag","embeddable":true,"href":"https:\/\/www.europesays.com\/fr\/wp-json\/wp\/v2\/tags?post=392241"}],"curies":[{"name":"wp","href":"https:\/\/api.w.org\/{rel}","templated":true}]}}