{"id":392246,"date":"2025-09-15T09:29:15","date_gmt":"2025-09-15T09:29:15","guid":{"rendered":"https:\/\/www.europesays.com\/fr\/392246\/"},"modified":"2025-09-15T09:29:15","modified_gmt":"2025-09-15T09:29:15","slug":"clermont-saint-etienne-une-defaite-des-regrets-et-des-perspectives","status":"publish","type":"post","link":"https:\/\/www.europesays.com\/fr\/392246\/","title":{"rendered":"Clermont &#8211; Saint-Etienne : une d\u00e9faite, des regrets et des perspectives"},"content":{"rendered":"<p>Dans un Montpied plein \u00e0 craquer, le Clermont Foot 63 a chut\u00e9 pour la premi\u00e8re fois de la saison face \u00e0 un ASSE ambitieux et opportuniste (1-2). <\/p>\n<p>\t\u00c9couter l&rsquo;article<br \/>\n<a href=\"https:\/\/www.7joursaclermont.fr\/wp-content\/uploads\/2025\/09\/mwc-elevenlabs-2619090-1757928461.mp3\" target=\"_blank\" rel=\"noopener\">https:\/\/www.7joursaclermont.fr\/wp-content\/uploads\/2025\/09\/mwc-elevenlabs-2619090-1757928461.mp3<\/a>L&rsquo;EssentielLe Clermont Foot 63 a subi sa premi\u00e8re d\u00e9faite de la saison \u00e0 domicile face \u00e0 l&rsquo;AS Saint-\u00c9tienne, avec un score de 1-2, apr\u00e8s avoir men\u00e9 \u00e0 la mi-temps gr\u00e2ce \u00e0 un but de Camblan. <\/p>\n<p>Deux erreurs individuelles en seconde p\u00e9riode ont permis aux Verts de revenir au score puis de prendre l&rsquo;avantage, ce qui a limit\u00e9 les chances de Clermont de maintenir son bon d\u00e9but de saison. <\/p>\n<p>Malgr\u00e9 cette d\u00e9faite, l&rsquo;\u00e9quipe a affich\u00e9 des signes encourageants avec une meilleure fluidit\u00e9 de jeu et des performances individuelles notables, notamment celle de Camblan, tout en devant corriger ses erreurs pour les prochaines rencontres.<\/p>\n<p>Une d\u00e9faite frustrante, tant les Auvergnats, <a href=\"https:\/\/www.7joursaclermont.fr\/laval-clermont-foot-un-nul-solide-mais-peu-ambitieux\/\" target=\"_blank\" rel=\"noopener\">solidaires et mieux organis\u00e9s qu\u2019\u00e0 l\u2019accoutum\u00e9e<\/a>, avaient montr\u00e9 un visage prometteur.\u00a0<\/p>\n<p>Mais deux erreurs individuelles leur ont co\u00fbt\u00e9 trop cher pour esp\u00e9rer mieux face \u00e0 l\u2019un des grands favoris \u00e0 la mont\u00e9e<\/p>\n<p>Une premi\u00e8re mi-temps s\u00e9rieuse et encourageante<\/p>\n<p>Port\u00e9s par une belle ambiance dans un stade d\u00e9passant les 10 000 spectateurs, les Clermontois ont d\u00e9marr\u00e9 la rencontre avec ambition.\u00a0<\/p>\n<p>Le premier tir du match est \u00e0 mettre au cr\u00e9dit de Camblan, tr\u00e8s actif, qui oblige Larsonneur \u00e0 intervenir d\u00e8s la 3e minute. Avec une ligne offensive rajeunie par les titularisations de Sa\u00efd, Fakili et Camblan mais aussi Astic, Clermont se montre plus fluide qu\u2019\u00e0 l\u2019habitude.\u00a0<\/p>\n<p>Guivarch repousse une tentative de Boakye \u00e0 la 21e minute, et les Auvergnats r\u00e9pondent par des frappes de Konat\u00e9 (25e) et Fakili (38e).<\/p>\n<p>Juste avant la pause, Camblan d\u00e9bloque son compteur pour sa premi\u00e8re sous les couleurs rouge et bleu.\u00a0<\/p>\n<p>L\u2019ailier pr\u00eat\u00e9 par Brest d\u00e9borde c\u00f4t\u00e9 droit, repique dans l\u2019axe et trompe Larsonneur d\u2019une frappe soyeuse, mais bien plac\u00e9e (1-0, 44e).\u00a0<\/p>\n<p>Une juste r\u00e9compense pour un Clermont, certes domin\u00e9, mais aussi  joueur, plus vertical et coh\u00e9rent tactiquement que lors des derni\u00e8res sorties. Le CF63 m\u00e8ne \u00e0 la mi-temps, et pas contre n\u2019importe qui : l\u2019ASSE, terreur et d\u00e9sormais leader de Ligue 2.<\/p>\n<p>Deux erreurs, deux buts, un tournant<\/p>\n<p>Mais le retour des vestiaires va rapidement doucher les espoirs clermontois.\u00a0<\/p>\n<p>Apr\u00e8s une entame solide, les hommes de Mazeyrat-Proment vont c\u00e9der coup sur coup sur deux actions \u00e9vitables.\u00a0<\/p>\n<p>A la mi-temps, Stassin entre sur le terrain. Ce sera le tournant du match.<\/p>\n<p>\u00c0 la 52e, Salmier manque de mordant dans un duel d\u00e9cisif et Boakye \u00e9galise sur une passe de l\u2019attaquant Belge de l\u2019ASSE. Dix minutes plus tard, Fakili rate une relance dans l\u2019axe ; Stassin en profite et donne l\u2019avantage aux Verts (1-2, 62e).\u00a0<\/p>\n<p>Deux erreurs face au joueur majeur de Saint-Etienne, deux buts, et voil\u00e0 le Clermont Foot contraint de courir apr\u00e8s le score face \u00e0 une \u00e9quipe solide qui n\u2019a plus qu\u2019\u00e0 g\u00e9rer son avance.<\/p>\n<p>Ces deux actions r\u00e9sument \u00e0 elles seules les regrets auvergnats. Car en dehors de ces moments mal n\u00e9goci\u00e9s \u2013 qui repr\u00e9sentent \u00e0 eux seuls la moiti\u00e9 des xG st\u00e9phanois \u2013, les Clermontois n\u2019ont pas sombr\u00e9.\u00a0<\/p>\n<p>Le CF63 a souffert, certes, mais n\u2019a pas pris l\u2019eau. Guivarch n\u2019a pas eu \u00e0 multiplier les exploits. Les statistiques traduisent une certaine ma\u00eetrise d\u00e9fensive, mais aussi un cruel manque d\u2019efficacit\u00e9 dans les deux surfaces.<\/p>\n<p><a href=\"https:\/\/x.com\/CF63Insights\/status\/1967166440550642039\" target=\"_blank\" rel=\" noreferrer noopener nofollow\"><img loading=\"lazy\" decoding=\"async\" width=\"1024\" height=\"1024\" src=\"data:image\/svg+xml,%3Csvg%20xmlns=\" http:=\"\" alt=\"\" class=\"wp-image-2619103\" data-lazy- data-lazy- data-lazy-src=\"https:\/\/www.europesays.com\/fr\/wp-content\/uploads\/2025\/09\/Clermont-Saint-Etienne-2025-2026-1-1024x1024.jpg\"\/><\/a><\/p>\n<p>Camblan et Caufriez : les satisfactions du soir<\/p>\n<p>Si la d\u00e9faite laisse un go\u00fbt amer, quelques individualit\u00e9s ressortent positivement.\u00a0<\/p>\n<p>Camblan, pour son premier match, a \u00e9t\u00e9 le joueur le plus dangereux de la rencontre : 1 but, 5 tirs tent\u00e9s \u2013 aucun joueur n\u2019a fait mieux. C\u2019 est incontestablement la meilleure nouvelle de la soir\u00e9e pour le CF63. Derri\u00e8re lui, Caufriez a livr\u00e9 un match solide, difficile \u00e0 passer.<\/p>\n<p>Konat\u00e9, malgr\u00e9 ses pertes de balle (22), a \u00e9t\u00e9 le joueur \u00e0 r\u00e9ussir le plus de passes dans le dernier tiers (10) et a remport\u00e9 8 duels sur 12 \u2013 un total qui en fait le joueur ayant gagn\u00e9 le plus de duels du match.<\/p>\n<p>Boto a lui aussi montr\u00e9 de belles choses : 3 occasions cr\u00e9\u00e9es, 65 ballons touch\u00e9s (meilleur total clermontois), une activit\u00e9 de tous les instants.<\/p>\n<p>En revanche, les jeunes Sa\u00efd et Baallal ont souffert physiquement, perdant la majorit\u00e9 de leurs duels mais ont laiss\u00e9 entrevoir des dispositions int\u00e9ressantes pour la suite de la saison.\u00a0<\/p>\n<p>Fakili a \u00e9t\u00e9 percutant (7 dribbles tent\u00e9s, record du match), mais relativement inefficace. Et sa relance rat\u00e9e restera un regret pour les supporters clermontois.\u00a0<\/p>\n<p>Enfin, le match discret de Gastien, souvent battu dans les duels et peu influent dans le jeu (7 co\u00e9quipiers ont touch\u00e9 plus de ballons que lui), laisse \u00e0 penser que le joueur se cherche dans ce nouveau collectif.<\/p>\n<p>Clermont \u2013 Saint-Etienne : Un contenu encourageant, un r\u00e9sultat frustrant<\/p>\n<p>Malgr\u00e9 la d\u00e9faite, les Clermontois n\u2019ont pas d\u00e9m\u00e9rit\u00e9.\u00a0<\/p>\n<p>L\u2019\u00e9quipe a montr\u00e9 plus de mouvements, de verticalit\u00e9 et de coh\u00e9rence que lors des pr\u00e9c\u00e9dentes journ\u00e9es.\u00a0<\/p>\n<p>Offensivement, la copie est plus consistante, mais le manque de pr\u00e9cision dans les 20 derniers m\u00e8tres reste probl\u00e9matique, comme le refl\u00e8tent les faibles xG (buts statistiquement attendus) et xA (passes d\u00e9cisives statistiquement attendues).\u00a0<\/p>\n<p>D\u00e9fensivement, l\u2019\u00e9quipe n\u2019a pas \u00e9t\u00e9 submerg\u00e9e, mais a pay\u00e9 cash ses manques de concentration et d\u2019impact dans les duels \u2013 seulement 43 % gagn\u00e9s, un chiffre trop bas pour esp\u00e9rer l\u2019emporter face \u00e0 une \u00e9quipe de ce calibre.<\/p>\n<p>Le contenu g\u00e9n\u00e9ral reste toutefois une base de travail solide.\u00a0<\/p>\n<p>Clermont a su bousculer l\u2019un des cadors de Ligue 2 et aurait probablement m\u00e9rit\u00e9 un point. Mais \u00e0 ce niveau, les d\u00e9tails font la diff\u00e9rence. Salmier et Fakili l\u2019ont appris \u00e0 leurs d\u00e9pens.\u00a0<\/p>\n<p>Et face \u00e0 une ASSE venue pour s\u2019installer dans le fauteuil de leader, la moindre erreur se paie comptant.<\/p>\n<p>Rodez en ligne de mire<\/p>\n<p>Avec cette d\u00e9faite, Clermont recule l\u00e9g\u00e8rement au classement, \u00e0 port\u00e9e de tir du haut de tableau, mais aussi du bas avant deux d\u00e9placements p\u00e9rilleux\u2026\u00a0<\/p>\n<p>L\u2019urgence du r\u00e9sultat n\u2019est pas encore pr\u00e9sente, mais la marge de man\u0153uvre reste tr\u00e8s tr\u00e8s fine.\u00a0<\/p>\n<p>Il faudra gommer les erreurs individuelles et hausser le niveau d\u2019agressivit\u00e9 dans les duels, faute de quoi les bonnes intentions collectives ne suffiront pas \u00e0 engranger des points.\u00a0<\/p>\n<p>Prochain rendez-vous : Rodez, vendredi \u00e0 20h. Une belle occasion de transformer la frustration en r\u00e9action.<\/p>\n<p><a href=\"https:\/\/www.clermontfoot.com\/cf63-asse-reaction-de-gregory-proment\/\" target=\"_blank\" rel=\"noopener\">Voir la r\u00e9action de Gr\u00e9gory Proment<\/a><\/p>\n<p>Clermont \u2013 Saint-Etienne : Le r\u00e9sum\u00e9 vid\u00e9o<\/p>\n<p>Le meme de la journ\u00e9e<\/p>\n<p><img loading=\"lazy\" decoding=\"async\" width=\"765\" height=\"1024\" src=\"data:image\/svg+xml,%3Csvg%20xmlns=\" http:=\"\" alt=\"\" class=\"wp-image-2619183\" style=\"width:520px;height:auto\" data-lazy- data-lazy- data-lazy-src=\"https:\/\/www.europesays.com\/fr\/wp-content\/uploads\/2025\/09\/Clermont-Saint-Etienne-Meme-2025-2026-765x1024.jpeg\"\/><\/p>\n","protected":false},"excerpt":{"rendered":"Dans un Montpied plein \u00e0 craquer, le Clermont Foot 63 a chut\u00e9 pour la premi\u00e8re fois de la&hellip;\n","protected":false},"author":2,"featured_media":392247,"comment_status":"","ping_status":"","sticky":false,"template":"","format":"standard","meta":{"footnotes":""},"categories":[9653],"tags":[1111,11,2430,33977,1777,674,1011,27,446,45358,12,6109,25,4001],"class_list":{"0":"post-392246","1":"post","2":"type-post","3":"status-publish","4":"format-standard","5":"has-post-thumbnail","7":"category-saint-etienne","8":"tag-actu","9":"tag-actualites","10":"tag-auvergne-rhone-alpes","11":"tag-clermont-foot","12":"tag-eu","13":"tag-europe","14":"tag-fr","15":"tag-france","16":"tag-ligue-2","17":"tag-ligue-2-bkt","18":"tag-news","19":"tag-newsletter-lundi","20":"tag-republique-francaise","21":"tag-saint-etienne"},"share_on_mastodon":{"url":"https:\/\/pubeurope.com\/@fr\/115207612875600549","error":""},"_links":{"self":[{"href":"https:\/\/www.europesays.com\/fr\/wp-json\/wp\/v2\/posts\/392246","targetHints":{"allow":["GET"]}}],"collection":[{"href":"https:\/\/www.europesays.com\/fr\/wp-json\/wp\/v2\/posts"}],"about":[{"href":"https:\/\/www.europesays.com\/fr\/wp-json\/wp\/v2\/types\/post"}],"author":[{"embeddable":true,"href":"https:\/\/www.europesays.com\/fr\/wp-json\/wp\/v2\/users\/2"}],"replies":[{"embeddable":true,"href":"https:\/\/www.europesays.com\/fr\/wp-json\/wp\/v2\/comments?post=392246"}],"version-history":[{"count":0,"href":"https:\/\/www.europesays.com\/fr\/wp-json\/wp\/v2\/posts\/392246\/revisions"}],"wp:featuredmedia":[{"embeddable":true,"href":"https:\/\/www.europesays.com\/fr\/wp-json\/wp\/v2\/media\/392247"}],"wp:attachment":[{"href":"https:\/\/www.europesays.com\/fr\/wp-json\/wp\/v2\/media?parent=392246"}],"wp:term":[{"taxonomy":"category","embeddable":true,"href":"https:\/\/www.europesays.com\/fr\/wp-json\/wp\/v2\/categories?post=392246"},{"taxonomy":"post_tag","embeddable":true,"href":"https:\/\/www.europesays.com\/fr\/wp-json\/wp\/v2\/tags?post=392246"}],"curies":[{"name":"wp","href":"https:\/\/api.w.org\/{rel}","templated":true}]}}