{"id":392248,"date":"2025-09-15T09:30:22","date_gmt":"2025-09-15T09:30:22","guid":{"rendered":"https:\/\/www.europesays.com\/fr\/392248\/"},"modified":"2025-09-15T09:30:22","modified_gmt":"2025-09-15T09:30:22","slug":"carte-blanche-a-lopera-studio","status":"publish","type":"post","link":"https:\/\/www.europesays.com\/fr\/392248\/","title":{"rendered":"Carte blanche \u00e0 l&rsquo;Op\u00e9ra Studio"},"content":{"rendered":"<p><strong>L&rsquo;Op\u00e9ra Studio de l&rsquo;Op\u00e9ra national du Rhin fait escale \u00e0 Nancy pour un concert festif avec des extraits de\u00a0Don Pasquale,\u00a0Cos\u00ec fan tutte,\u00a0Les Contes d&rsquo;Hoffmann,\u00a0L&rsquo;Heure espagnole,\u00a0et bien d&rsquo;autres \u0153uvres<\/strong><strong>.\u00a0<\/strong><\/p>\n<p><strong>Artistes de l&rsquo;Op\u00e9ra Studio\u00a0<\/strong><strong>de l&rsquo;Op\u00e9ra national du Rhin<\/strong><\/p>\n<p>Direction musicale\u00a0de l&rsquo;Op\u00e9ra Studio\u00a0<strong>Sandrine Abello<\/strong><\/p>\n<p><strong>Programme musical :<\/strong><\/p>\n<p>Extraits de :\u00a0<strong>Haendel\u00a0<\/strong>Giulio Cesare\u00a0;\u00a0<strong>Mozart\u00a0<\/strong>Cos\u00ec fan tutte ;\u00a0<strong>Donizetti\u00a0<\/strong>Don Pasquale ;\u00a0<strong>Gluck\u00a0<\/strong>Iphig\u00e9nie en Tauride ;\u00a0<strong>\u00a0Puccini\u00a0<\/strong>La Boh\u00e8me\u00a0;\u00a0<strong>Massenet\u00a0<\/strong>Cendrillon ;\u00a0<strong>Offenbach\u00a0<\/strong>Les Contes d&rsquo;Hoffmann ;\u00a0<strong>Tcha\u00efkovski\u00a0<\/strong>Eug\u00e8ne Oneguine\u00a0;\u00a0<strong>Ravel\u00a0<\/strong>L&rsquo;Heure espagnole ;<strong>\u00a0Gounod\u00a0<\/strong>Mireille\u00a0;\u00a0<strong>Bernstein\u00a0<\/strong>Candide\u00a0;\u00a0<strong>Schmidt\u00a0<\/strong>Les Fantastiques ;\u00a0<strong>Bernstein\u00a0<\/strong>West Side Story\u00a0;\u00a0<strong>\u00a0Mozart\u00a0<\/strong>Le Nozze di Figaro<\/p>\n","protected":false},"excerpt":{"rendered":"L&rsquo;Op\u00e9ra Studio de l&rsquo;Op\u00e9ra national du Rhin fait escale \u00e0 Nancy pour un concert festif avec des extraits&hellip;\n","protected":false},"author":2,"featured_media":392249,"comment_status":"","ping_status":"","sticky":false,"template":"","format":"standard","meta":{"footnotes":""},"categories":[9635],"tags":[1111,11,1777,674,1011,27,775,1702,12,25],"class_list":{"0":"post-392248","1":"post","2":"type-post","3":"status-publish","4":"format-standard","5":"has-post-thumbnail","7":"category-nancy","8":"tag-actu","9":"tag-actualites","10":"tag-eu","11":"tag-europe","12":"tag-fr","13":"tag-france","14":"tag-grand-est","15":"tag-nancy","16":"tag-news","17":"tag-republique-francaise"},"share_on_mastodon":{"url":"https:\/\/pubeurope.com\/@fr\/115207617024375716","error":""},"_links":{"self":[{"href":"https:\/\/www.europesays.com\/fr\/wp-json\/wp\/v2\/posts\/392248","targetHints":{"allow":["GET"]}}],"collection":[{"href":"https:\/\/www.europesays.com\/fr\/wp-json\/wp\/v2\/posts"}],"about":[{"href":"https:\/\/www.europesays.com\/fr\/wp-json\/wp\/v2\/types\/post"}],"author":[{"embeddable":true,"href":"https:\/\/www.europesays.com\/fr\/wp-json\/wp\/v2\/users\/2"}],"replies":[{"embeddable":true,"href":"https:\/\/www.europesays.com\/fr\/wp-json\/wp\/v2\/comments?post=392248"}],"version-history":[{"count":0,"href":"https:\/\/www.europesays.com\/fr\/wp-json\/wp\/v2\/posts\/392248\/revisions"}],"wp:featuredmedia":[{"embeddable":true,"href":"https:\/\/www.europesays.com\/fr\/wp-json\/wp\/v2\/media\/392249"}],"wp:attachment":[{"href":"https:\/\/www.europesays.com\/fr\/wp-json\/wp\/v2\/media?parent=392248"}],"wp:term":[{"taxonomy":"category","embeddable":true,"href":"https:\/\/www.europesays.com\/fr\/wp-json\/wp\/v2\/categories?post=392248"},{"taxonomy":"post_tag","embeddable":true,"href":"https:\/\/www.europesays.com\/fr\/wp-json\/wp\/v2\/tags?post=392248"}],"curies":[{"name":"wp","href":"https:\/\/api.w.org\/{rel}","templated":true}]}}