{"id":392294,"date":"2025-09-15T09:56:10","date_gmt":"2025-09-15T09:56:10","guid":{"rendered":"https:\/\/www.europesays.com\/fr\/392294\/"},"modified":"2025-09-15T09:56:10","modified_gmt":"2025-09-15T09:56:10","slug":"sur-lencadrement-des-loyers-martine-vassal-elude-la-question","status":"publish","type":"post","link":"https:\/\/www.europesays.com\/fr\/392294\/","title":{"rendered":"sur l&rsquo;encadrement des loyers, Martine Vassal \u00e9lude la question"},"content":{"rendered":"<p>Interrog\u00e9e ce lundi matin 15 septembre sur<a href=\"https:\/\/www.francebleu.fr\/radio\/provence\" target=\"_blank\" rel=\"noopener\"> Ici<\/a> (ex-France Bleu Provence) sur la possibilit\u00e9 d&rsquo;encadrer les loyers par un auditeur, <a href=\"https:\/\/www.laprovence.com\/article\/elections\/4853112438642614\/municipales-2026-a-marseille-martine-vassal-annonce-sa-candidature\" target=\"_blank\" rel=\"noopener\">Martine Vassal<\/a> a pr\u00e9f\u00e9r\u00e9 s&rsquo;\u00e9tendre sur la n\u00e9cessit\u00e9 de revaloriser le parc locatif dans la deuxi\u00e8me ville de France qui, selon la candidate de droite, n&rsquo;est pas assez important (en comparaison de la demande) dans la cit\u00e9 phoc\u00e9enne.<\/p>\n<p>Notamment dans <a href=\"https:\/\/www.laprovence.com\/article\/region\/1221391619515315\/quartiers-de-marseille-la-belle-de-mai-par-celles-et-ceux-qui-la-font-vivre\" target=\"_blank\" rel=\"noopener\">le quartier de la Belle-de-Mai<\/a>. \u00ab\u00a0Il faut permettre \u00e0 chacune et chacun de pouvoir avoir un toit sur sa t\u00eate. Donner plus de choix aux Marseillaises et aux Marseillais. En particulier pour les jeunes couples au salaire moyen\u00a0\u00bb qui ont du mal \u00e0 trouver un appartement.<\/p>\n<p>Et l&rsquo;encadrement des loyers ? Martine Vassal, qui a officiellement annonc\u00e9 sa candidature ce samedi 13 septembre, estime qu&rsquo;il faut d&rsquo;abord r\u00e9soudre le probl\u00e8me du locatif en cr\u00e9ant plus de logements disponibles \u00e0 la location.<\/p>\n","protected":false},"excerpt":{"rendered":"Interrog\u00e9e ce lundi matin 15 septembre sur Ici (ex-France Bleu Provence) sur la possibilit\u00e9 d&rsquo;encadrer les loyers par&hellip;\n","protected":false},"author":2,"featured_media":392295,"comment_status":"","ping_status":"","sticky":false,"template":"","format":"standard","meta":{"footnotes":""},"categories":[2814],"tags":[17,5734,1111,11,1102,154,5949,1777,674,1011,27,52442,22348,884,3554,12,882,25,3356],"class_list":{"0":"post-392294","1":"post","2":"type-post","3":"status-publish","4":"format-standard","5":"has-post-thumbnail","7":"category-marseille","8":"tag-17","9":"tag-5734","10":"tag-actu","11":"tag-actualites","12":"tag-breakingnews","13":"tag-des","14":"tag-elections","15":"tag-eu","16":"tag-europe","17":"tag-fr","18":"tag-france","19":"tag-lencadrement","20":"tag-loyers","21":"tag-marseille","22":"tag-municipales","23":"tag-news","24":"tag-provence-alpes-cote-dazur","25":"tag-republique-francaise","26":"tag-sur"},"share_on_mastodon":{"url":"https:\/\/pubeurope.com\/@fr\/115207719197011382","error":""},"_links":{"self":[{"href":"https:\/\/www.europesays.com\/fr\/wp-json\/wp\/v2\/posts\/392294","targetHints":{"allow":["GET"]}}],"collection":[{"href":"https:\/\/www.europesays.com\/fr\/wp-json\/wp\/v2\/posts"}],"about":[{"href":"https:\/\/www.europesays.com\/fr\/wp-json\/wp\/v2\/types\/post"}],"author":[{"embeddable":true,"href":"https:\/\/www.europesays.com\/fr\/wp-json\/wp\/v2\/users\/2"}],"replies":[{"embeddable":true,"href":"https:\/\/www.europesays.com\/fr\/wp-json\/wp\/v2\/comments?post=392294"}],"version-history":[{"count":0,"href":"https:\/\/www.europesays.com\/fr\/wp-json\/wp\/v2\/posts\/392294\/revisions"}],"wp:featuredmedia":[{"embeddable":true,"href":"https:\/\/www.europesays.com\/fr\/wp-json\/wp\/v2\/media\/392295"}],"wp:attachment":[{"href":"https:\/\/www.europesays.com\/fr\/wp-json\/wp\/v2\/media?parent=392294"}],"wp:term":[{"taxonomy":"category","embeddable":true,"href":"https:\/\/www.europesays.com\/fr\/wp-json\/wp\/v2\/categories?post=392294"},{"taxonomy":"post_tag","embeddable":true,"href":"https:\/\/www.europesays.com\/fr\/wp-json\/wp\/v2\/tags?post=392294"}],"curies":[{"name":"wp","href":"https:\/\/api.w.org\/{rel}","templated":true}]}}