{"id":392322,"date":"2025-09-15T10:14:10","date_gmt":"2025-09-15T10:14:10","guid":{"rendered":"https:\/\/www.europesays.com\/fr\/392322\/"},"modified":"2025-09-15T10:14:10","modified_gmt":"2025-09-15T10:14:10","slug":"en-allemagne-lafd-senracine-dans-louest-du-pays-lors-des-elections-locales-liberation","status":"publish","type":"post","link":"https:\/\/www.europesays.com\/fr\/392322\/","title":{"rendered":"En Allemagne, l\u2019AfD s\u2019enracine dans l\u2019ouest du pays lors des \u00e9lections locales \u2013 Lib\u00e9ration"},"content":{"rendered":"<p class=\"sc-cPiKLX AiZTS text-element\">Les conservateurs peuvent lever les bras au ciel en signe de victoire. En remportant dimanche 14 septembre un tiers des voix aux \u00e9lections communales de Rh\u00e9nanie-du-Nord-Westphalie, en l\u00e9ger recul par rapport \u00e0 2020 (-0,1 point) ils r\u00e9ussissent \u00e0 maintenir leur position de premi\u00e8re force politique dans la r\u00e9gion la plus peupl\u00e9e d\u2019Allemagne.<\/p>\n<p class=\"sc-cPiKLX AiZTS text-element\">Pour le chancelier, Friedrich Merz, <a href=\"https:\/\/www.liberation.fr\/international\/europe\/en-allemagne-friedrich-merz-fait-tomber-le-cordon-sanitaire-contre-lafd-a-trois-semaines-des-elections-20250129_UPZGAQD265ADFP2SJJTFSZ2VQQ\/\" target=\"_blank\" rel=\"nofollow noopener\" title=\"https:\/\/www.liberation.fr\/international\/europe\/en-allemagne-friedrich-merz-fait-tomber-le-cordon-sanitaire-contre-lafd-a-trois-semaines-des-elections-20250129_UPZGAQD265ADFP2SJJTFSZ2VQQ\/\">pr\u00e9sident de l\u2019Union chr\u00e9tienne d\u00e9mocrate (CDU)<\/a>, cette victoire est un soulagement. C\u2019\u00e9tait le premier test \u00e9lectoral de grande ampleur (avec pr\u00e8s de 14 millions d\u2019\u00e9lecteurs) depuis son \u00e9lection en mai dernier. Le d\u00e9marrage catastrophique de son gouvernement laissait craindre une sanction dans les urnes. <\/p>\n<p class=\"sc-cPiKLX AiZTS text-element\">Dans le contexte politique des d\u00e9mocraties occidentales, un score de 33 % reste la preuve d\u2019une stabilit\u00e9 politique remarquable de la CDU. Mais les conservateurs allemands n\u2019ont pas gagn\u00e9 dimanche soir leur pari de r\u00e9duire l\u2019influence de l\u2019extr\u00eame droite. Bien au contraire. Malgr\u00e9 le durcissement de la politique migratoire du gouvernement, l\u2019AfD (Alternative f\u00fcr Deutschland) a tripl\u00e9 son score  <\/p>\n","protected":false},"excerpt":{"rendered":"Les conservateurs peuvent lever les bras au ciel en signe de victoire. En remportant dimanche 14 septembre un&hellip;\n","protected":false},"author":2,"featured_media":392323,"comment_status":"","ping_status":"","sticky":false,"template":"","format":"standard","meta":{"footnotes":""},"categories":[1587],"tags":[11,1862,672,1804,1805,1803,1777,674,1076,4710,1801,12,1802],"class_list":{"0":"post-392322","1":"post","2":"type-post","3":"status-publish","4":"format-standard","5":"has-post-thumbnail","7":"category-allemagne","8":"tag-actualites","9":"tag-afd","10":"tag-allemagne","11":"tag-bundesrepublik-deutschland","12":"tag-de","13":"tag-deutschland","14":"tag-eu","15":"tag-europe","16":"tag-extreme-droite","17":"tag-friedrich-merz","18":"tag-germany","19":"tag-news","20":"tag-republique-federale-dallemagne"},"share_on_mastodon":{"url":"https:\/\/pubeurope.com\/@fr\/115207789926126574","error":""},"_links":{"self":[{"href":"https:\/\/www.europesays.com\/fr\/wp-json\/wp\/v2\/posts\/392322","targetHints":{"allow":["GET"]}}],"collection":[{"href":"https:\/\/www.europesays.com\/fr\/wp-json\/wp\/v2\/posts"}],"about":[{"href":"https:\/\/www.europesays.com\/fr\/wp-json\/wp\/v2\/types\/post"}],"author":[{"embeddable":true,"href":"https:\/\/www.europesays.com\/fr\/wp-json\/wp\/v2\/users\/2"}],"replies":[{"embeddable":true,"href":"https:\/\/www.europesays.com\/fr\/wp-json\/wp\/v2\/comments?post=392322"}],"version-history":[{"count":0,"href":"https:\/\/www.europesays.com\/fr\/wp-json\/wp\/v2\/posts\/392322\/revisions"}],"wp:featuredmedia":[{"embeddable":true,"href":"https:\/\/www.europesays.com\/fr\/wp-json\/wp\/v2\/media\/392323"}],"wp:attachment":[{"href":"https:\/\/www.europesays.com\/fr\/wp-json\/wp\/v2\/media?parent=392322"}],"wp:term":[{"taxonomy":"category","embeddable":true,"href":"https:\/\/www.europesays.com\/fr\/wp-json\/wp\/v2\/categories?post=392322"},{"taxonomy":"post_tag","embeddable":true,"href":"https:\/\/www.europesays.com\/fr\/wp-json\/wp\/v2\/tags?post=392322"}],"curies":[{"name":"wp","href":"https:\/\/api.w.org\/{rel}","templated":true}]}}