{"id":392332,"date":"2025-09-15T10:19:10","date_gmt":"2025-09-15T10:19:10","guid":{"rendered":"https:\/\/www.europesays.com\/fr\/392332\/"},"modified":"2025-09-15T10:19:10","modified_gmt":"2025-09-15T10:19:10","slug":"hommage-aux-rumeurs-france-inter","status":"publish","type":"post","link":"https:\/\/www.europesays.com\/fr\/392332\/","title":{"rendered":"Hommage aux rumeurs | France Inter"},"content":{"rendered":"<p class=\"PopSlotParagraph qg-tx2 qg-xtra-lh svelte-1r0pyek\">Bonjour tout le monde, tous les jours je rends un hommage dans cette \u00e9mission et aujourd\u2019hui j\u2019ai d\u00e9cid\u00e9 de rendre hommage aux rumeurs.<\/p>\n<p class=\"PopSlotParagraph qg-tx2 qg-xtra-lh svelte-1r0pyek\">Les rumeurs c\u2019est terrible, on a tous connu \u00e7a, depuis l\u2019\u00e9cole, parfois \u00e7a peut aller loin, trop loin, je dirais m\u00eame que des fois la rumeur galope Nagui&#8230; N\u2019est-ce pas monsieur \u201cNagui qui bute des chevaux sur son temps libre\u201d&#8230;<\/p>\n<p class=\"PopSlotParagraph qg-tx2 qg-xtra-lh svelte-1r0pyek\">Vous avez certainement entendu parler de cette rumeur selon laquelle Nagui tue des chevaux. Celle-l\u00e0, elle m\u2019avait fum\u00e9, c\u2019est absurde, je veux dire qui peut croire que Nagui bute des chevaux sur son temps libre\u00a0? D\u00e9j\u00e0, qui peut croire que Nagui a du temps libre\u00a0?<\/p>\n<p class=\"PopSlotParagraph qg-tx2 qg-xtra-lh svelte-1r0pyek\">J\u2019ai fait mes petites recherches pour cette chronique, je suis all\u00e9 trouver les rumeurs qui circulent sur quelques personnes autour de cette table. Oui ben quoi, j\u2019ai boss\u00e9&#8230; Je me suis dit je suis tellement bien pay\u00e9e, \u00e7a serait dommage de pas bosser.<\/p>\n<p class=\"PopSlotParagraph qg-tx2 qg-xtra-lh svelte-1r0pyek\">Bon, les absents ont toujours tort, on va commencer avec Daniel&#8230; J\u2019ai entendu ce matin dans les couloirs que la derni\u00e8re fois il n\u2019\u00e9tait pas l\u00e0 dans l\u2019\u00e9mission, c\u2019est parce qu\u2019il est parti en Turquie se faire poser des implants capillaires&#8230; Et bien propal\u00a0: faut se faire rembourser mon grand. C\u2019est dur \u00e0 visualiser mais la semaine derni\u00e8re j\u2019ai enlev\u00e9 une graine de s\u00e9same que j\u2019avais coinc\u00e9e entre les incisives en regardant mon reflet dans son cr\u00e2ne.<\/p>\n<p class=\"PopSlotParagraph qg-tx2 qg-xtra-lh svelte-1r0pyek\">On continue avec Le\u00efla Kaddour&#8230; Le\u00efla, apparemment toi tu aurais 17 chats&#8230; C\u2019est n\u2019importe quoi, donc d\u00e8s qu\u2019une femme r\u00e9ussit dans ce pays, on veut la faire passer pour une sorci\u00e8re \u00e0 moiti\u00e9 folle qui n\u2019a pas de vie de famille stable et qui vit recluse&#8230; N\u2019importe quoi\u00a0! En plus, il suffit de s\u2019int\u00e9resser deux minutes \u00e0 Le\u00efla pour savoir qu\u2019elle n\u2019a que 14 chats.<\/p>\n<p class=\"PopSlotParagraph qg-tx2 qg-xtra-lh svelte-1r0pyek\">On continue les rumeurs, vous vous rappelez du site internet \u201cVie de merde\u201d ? VDM, l\u00e0\u00a0? Les gens viennent raconter des anecdotes pas cool qui leur sont arriv\u00e9es et ils terminent par VDM, vie de merde. Et bien, il se dit que Oldelaf continue de le visiter tous les jours.<br \/>\u201cAujourd\u2019hui ma copine Emma m\u2019a dit que je ressemblais \u00e0 un prof d\u2019histoire rempla\u00e7ant d\u00e9guis\u00e9 en chevalier pour la f\u00eate du lyc\u00e9e.\u201d Vie de merde effectivement, ou harc\u00e8lement sur le lieu de travail.<\/p>\n<p class=\"PopSlotParagraph qg-tx2 qg-xtra-lh svelte-1r0pyek\">Ensuite, Lisa Delmoitiez. J\u2019ai entendu dire \u00e0 la machine \u00e0 caf\u00e9 que c\u2019est aussi elle qui \u00e9crit la chronique de Oldelaf, celle de M\u00e9lodie Fontaine et celle de Camille Lavarbre, qu\u2019elle fait les menus de la cantine de la Maison de la Radio et qu\u2019elle serait \u00e9galement dans la mascotte Topa la Vachette d\u2019Intervilles. Parce qu\u2019apparemment, elle s\u2019est rendu compte que si elle ne dormait jamais, \u00e7a lui laissait un peu de temps libre en plus.<\/p>\n<p class=\"PopSlotParagraph qg-tx2 qg-xtra-lh svelte-1r0pyek\">Et alors Dany et Audrey, \u00e7a tombe bien que vous soyez l\u00e0 parce que j\u2019ai entendu quelque chose qui vous concerne tous les deux. Dany, j\u2019ai entendu dire que vous voudriez refaire Bienvenue chez les Ch\u2019tis avec Audrey Fleurot et cette fois au casting, et \u00e7a serait Bienvenue chez l\u2019HPI.<br \/>\u201cEh mi avec ell ekip del buro on avion resolu l\u2019enquete biloute.\u201d<\/p>\n<p class=\"PopSlotParagraph qg-tx2 qg-xtra-lh svelte-1r0pyek\">J\u2019en profite pour faire un bisou \u00e0 mon agente\u00a0: \u201cMmouah, bisous ma Lizzie\u00a0!\u201d, en lui rappelant que je ma\u00eetrise \u00e9galement les accents. Pas les racistes hein, je me base sur les accents caucasiens. Vaut mieux nager l\u00e0 o\u00f9 on a pieds. Encore une nouvelle preuve que mon talent a des limites mais pas de fronti\u00e8res.<\/p>\n<p class=\"PopSlotParagraph qg-tx2 qg-xtra-lh svelte-1r0pyek\"><strong>La suite \u00e0 \u00e9couter et \u00e0 d\u00e9couvrir en vid\u00e9o\u2026<\/strong><\/p>\n","protected":false},"excerpt":{"rendered":"Bonjour tout le monde, tous les jours je rends un hommage dans cette \u00e9mission et aujourd\u2019hui j\u2019ai d\u00e9cid\u00e9&hellip;\n","protected":false},"author":2,"featured_media":392333,"comment_status":"","ping_status":"","sticky":false,"template":"","format":"standard","meta":{"footnotes":""},"categories":[4],"tags":[11,1011,27,12,25],"class_list":{"0":"post-392332","1":"post","2":"type-post","3":"status-publish","4":"format-standard","5":"has-post-thumbnail","7":"category-france","8":"tag-actualites","9":"tag-fr","10":"tag-france","11":"tag-news","12":"tag-republique-francaise"},"share_on_mastodon":{"url":"https:\/\/pubeurope.com\/@fr\/115207809706061451","error":""},"_links":{"self":[{"href":"https:\/\/www.europesays.com\/fr\/wp-json\/wp\/v2\/posts\/392332","targetHints":{"allow":["GET"]}}],"collection":[{"href":"https:\/\/www.europesays.com\/fr\/wp-json\/wp\/v2\/posts"}],"about":[{"href":"https:\/\/www.europesays.com\/fr\/wp-json\/wp\/v2\/types\/post"}],"author":[{"embeddable":true,"href":"https:\/\/www.europesays.com\/fr\/wp-json\/wp\/v2\/users\/2"}],"replies":[{"embeddable":true,"href":"https:\/\/www.europesays.com\/fr\/wp-json\/wp\/v2\/comments?post=392332"}],"version-history":[{"count":0,"href":"https:\/\/www.europesays.com\/fr\/wp-json\/wp\/v2\/posts\/392332\/revisions"}],"wp:featuredmedia":[{"embeddable":true,"href":"https:\/\/www.europesays.com\/fr\/wp-json\/wp\/v2\/media\/392333"}],"wp:attachment":[{"href":"https:\/\/www.europesays.com\/fr\/wp-json\/wp\/v2\/media?parent=392332"}],"wp:term":[{"taxonomy":"category","embeddable":true,"href":"https:\/\/www.europesays.com\/fr\/wp-json\/wp\/v2\/categories?post=392332"},{"taxonomy":"post_tag","embeddable":true,"href":"https:\/\/www.europesays.com\/fr\/wp-json\/wp\/v2\/tags?post=392332"}],"curies":[{"name":"wp","href":"https:\/\/api.w.org\/{rel}","templated":true}]}}