{"id":392346,"date":"2025-09-15T10:28:10","date_gmt":"2025-09-15T10:28:10","guid":{"rendered":"https:\/\/www.europesays.com\/fr\/392346\/"},"modified":"2025-09-15T10:28:10","modified_gmt":"2025-09-15T10:28:10","slug":"d3f-les-girondins-sont-3e-encore-des-cartons-dans-cette-2e-journee","status":"publish","type":"post","link":"https:\/\/www.europesays.com\/fr\/392346\/","title":{"rendered":"D3F : les Girondins sont 3e, encore des cartons dans cette 2e journ\u00e9e"},"content":{"rendered":"<p><img decoding=\"async\" src=\"https:\/\/www.europesays.com\/fr\/wp-content\/uploads\/2025\/09\/671_53625e31d3fc5d32294905e33e517f5e.jpg\" alt=\"D3F : les Girondins sont 3e, encore des cartons dans cette 2e journ\u00e9e\" class=\"img-responsive mt-3\"\/><\/p>\n<p class=\"text-center mb-3\" style=\"font-size: 14px\">\u00a9 Iconsport<\/p>\n<p><strong>Les r\u00e9sultats de la deuxi\u00e8me journ\u00e9e :<\/strong><\/p>\n<p>ALC Longvic<strong> 0-4<\/strong> AS Monaco<\/p>\n<p>Le Puy Foot<strong> 0-4<\/strong> Montauban FC<\/p>\n<p>Girondins de Bordeaux <strong>1-1<\/strong> Montpellier HSC 2<\/p>\n<p>AS Cannes <strong>3-2<\/strong> Marssac TF<\/p>\n<p>AS Chatenoy le Royal <strong>0-2<\/strong> Rousset Sainte-Victoire<\/p>\n<p>Clermont Foot 63 <strong>2-7<\/strong> Olympique Lyonnais 2<\/p>\n<p>Les 3 derni\u00e8res \u00e9quipes descendent en R\u00e9gional.<\/p>\n<p>&gt; <strong><a href=\"https:\/\/www.webgirondins.com\/classement-Girondins-feminines-division3\" target=\"_blank\" rel=\"noopener\">Voir le classement de Division 3<\/a><\/strong><\/p>\n<p>\u00c9coutez les r\u00e9actions de Kiani Wong et Lou Ducourege apr\u00e8s le match :<\/p>\n<p>\u00a0<\/p>\n<p class=\"px-0\">\u00c0 lire : <strong><a href=\"https:\/\/www.webgirondins.com\/actualite-girondins-girondins-reaction-d-hugo-suarez-apres-le-match-nul-face-a-montpellier-130428\" target=\"_blank\" rel=\"noopener\">La r\u00e9action d&rsquo;Hugo Suarez, entra\u00eeneur des Girondins en D3F, apr\u00e8s le match nul face \u00e0 Montpellier<\/a><\/strong><\/p>\n","protected":false},"excerpt":{"rendered":"\u00a9 Iconsport Les r\u00e9sultats de la deuxi\u00e8me journ\u00e9e : ALC Longvic 0-4 AS Monaco Le Puy Foot 0-4&hellip;\n","protected":false},"author":2,"featured_media":392347,"comment_status":"","ping_status":"","sticky":false,"template":"","format":"standard","meta":{"footnotes":""},"categories":[1410],"tags":[1997,52447,3477,1446,2563,1440,2823,21,4283,63,1011,27,1987,3465,2003,955,2208,3333,60,376],"class_list":{"0":"post-392346","1":"post","2":"type-post","3":"status-publish","4":"format-standard","5":"has-post-thumbnail","7":"category-football","8":"tag-bordeaux","9":"tag-cartons","10":"tag-cette","11":"tag-dans","12":"tag-deuxieme","13":"tag-encore","14":"tag-face","15":"tag-fait","16":"tag-feminine","17":"tag-football","18":"tag-fr","19":"tag-france","20":"tag-girondins","21":"tag-journee","22":"tag-livre","23":"tag-match","24":"tag-montpellier","25":"tag-sont","26":"tag-sports","27":"tag-verdict"},"share_on_mastodon":{"url":"","error":""},"_links":{"self":[{"href":"https:\/\/www.europesays.com\/fr\/wp-json\/wp\/v2\/posts\/392346","targetHints":{"allow":["GET"]}}],"collection":[{"href":"https:\/\/www.europesays.com\/fr\/wp-json\/wp\/v2\/posts"}],"about":[{"href":"https:\/\/www.europesays.com\/fr\/wp-json\/wp\/v2\/types\/post"}],"author":[{"embeddable":true,"href":"https:\/\/www.europesays.com\/fr\/wp-json\/wp\/v2\/users\/2"}],"replies":[{"embeddable":true,"href":"https:\/\/www.europesays.com\/fr\/wp-json\/wp\/v2\/comments?post=392346"}],"version-history":[{"count":0,"href":"https:\/\/www.europesays.com\/fr\/wp-json\/wp\/v2\/posts\/392346\/revisions"}],"wp:featuredmedia":[{"embeddable":true,"href":"https:\/\/www.europesays.com\/fr\/wp-json\/wp\/v2\/media\/392347"}],"wp:attachment":[{"href":"https:\/\/www.europesays.com\/fr\/wp-json\/wp\/v2\/media?parent=392346"}],"wp:term":[{"taxonomy":"category","embeddable":true,"href":"https:\/\/www.europesays.com\/fr\/wp-json\/wp\/v2\/categories?post=392346"},{"taxonomy":"post_tag","embeddable":true,"href":"https:\/\/www.europesays.com\/fr\/wp-json\/wp\/v2\/tags?post=392346"}],"curies":[{"name":"wp","href":"https:\/\/api.w.org\/{rel}","templated":true}]}}