{"id":392367,"date":"2025-09-15T10:40:11","date_gmt":"2025-09-15T10:40:11","guid":{"rendered":"https:\/\/www.europesays.com\/fr\/392367\/"},"modified":"2025-09-15T10:40:11","modified_gmt":"2025-09-15T10:40:11","slug":"carrefour-rappelle-du-fromage-partout-en-france-ne-le-consommez-surtout-pas","status":"publish","type":"post","link":"https:\/\/www.europesays.com\/fr\/392367\/","title":{"rendered":"Carrefour rappelle du fromage partout en France, ne le consommez surtout pas"},"content":{"rendered":"<p>Ces derni\u00e8res semaines, <a href=\"https:\/\/www.20minutes.fr\/societe\/4166872-20250806-carrefour-rappelle-the-france-entiere-car-contient-trop-pesticides\" class=\"c-link c-link--is-underlined\" target=\"_blank\" rel=\"noopener\">Carrefour a rappel\u00e9 du th\u00e9 contenant trop de pesticides<\/a> ou encore <a href=\"https:\/\/www.20minutes.fr\/sante\/4168879-20250821-carrefour-bouteilles-lait-rappelees-partout-france-cause-defaut-organoleptique\" class=\"c-link c-link--is-underlined\" target=\"_blank\" rel=\"noopener\">du lait caill\u00e9<\/a>. Un nouveau rappel publi\u00e9 ce lundi concerne cette fois du <a href=\"https:\/\/www.20minutes.fr\/dossier\/fromage\" class=\"c-link c-link--is-underlined\" target=\"_blank\" rel=\"noopener\">fromage<\/a>, indique <a href=\"https:\/\/rappel.conso.gouv.fr\/fiche-rappel\/19730\/Interne\" target=\"_blank\" class=\"c-link c-link--is-underlined\" rel=\"noopener\">le site des alertes de produits dangereux, Rappel Conso<\/a>.<\/p>\n<p>Il s\u2019agit de d\u00e9s de cheddar Tex-Mex, de la marque\u00a0Carrefour Classic. Ce produit a \u00e9t\u00e9 commercialis\u00e9 dans tous les magasins <a href=\"https:\/\/www.20minutes.fr\/economie\/carrefour\/\" class=\"c-link c-link--is-underlined\" target=\"_blank\" rel=\"noopener\">Carrefour<\/a> de France entre le 5\u00a0ao\u00fbt et le 12\u00a0septembre 2025. Le code-barres est\u00a03560071526474, et la date de durabilit\u00e9 minimale a \u00e9t\u00e9 fix\u00e9e au 14\/10\/2025. Seul le lot\u00a0AC001AC8G est concern\u00e9 par ce rappel.<\/p>\n<blockquote cite=\"https:\/\/graph.facebook.com\/100066922248839\/posts\/1104266101814121\/\" class=\"fb-xfbml-parse-ignore\">\n<p>#RappelProduit D\u00e9s de Cheddar Tex-Mex &#8211; Carrefour Classic<\/p>\n<p>Risques : Listeria monocytogenes (agent responsable de la list\u00e9riose)<\/p>\n<p>Motif :  Pr\u00e9sence de List\u00e9ria Monocytog\u00e8nes<\/p>\n<p>Posted by <a href=\"https:\/\/www.facebook.com\/RappelConso\" target=\"_blank\" rel=\"noopener\">RappelConso<\/a> on\u00a0<a href=\"https:\/\/graph.facebook.com\/100066922248839\/posts\/1104266101814121\/\" target=\"_blank\" rel=\"noopener\">Sunday, September 14, 2025<\/a><\/p><\/blockquote>\n<p class=\"mb-xxl@xs color-ultramarine font-weight-semi-bold@xs font-source-serif-pro heading-s@xs\">L\u2019acc\u00e8s \u00e0 ce contenu a \u00e9t\u00e9 bloqu\u00e9 afin de respecter votre choix de consentement<\/p>\n<p class=\"mb-m@xs text-l@xs\">En cliquant sur\u00ab J\u2019accepte \u00bb, vous acceptez le d\u00e9p\u00f4t de cookies par des services externes et aurez ainsi acc\u00e8s aux contenus de nos partenaires.<\/p>\n<p class=\"mb-xl@xs text-s@xs\">Plus d\u2019informations sur la page<a href=\"https:\/\/www.20minutes.fr\/gestion-cookies\" class=\"mx-xxs@xs color-ultramarine\" target=\"_blank\" rel=\"noopener\">Politique de gestion des cookies<\/a><\/p>\n<p>J\u2019accepteDes sympt\u00f4mes \u00e0 surveiller<\/p>\n<p>La <a href=\"https:\/\/www.20minutes.fr\/dossier\/listeria\" class=\"c-link c-link--is-underlined\" target=\"_blank\" rel=\"noopener\">bact\u00e9rie\u00a0Listeria monocytogenes<\/a> a \u00e9t\u00e9 d\u00e9tect\u00e9e dans ces d\u00e9s de fromage. Par cons\u00e9quent, il est conseill\u00e9 aux\u00a0personnes ayant achet\u00e9 ce produit de ne pas le consommer. En effet, manger un aliment contamin\u00e9 par la listeria peut provoquer de la fi\u00e8vre, isol\u00e9e ou accompagn\u00e9e de maux de t\u00eate, et des courbatures. Les femmes enceintes, les personnes \u00e2g\u00e9es et les sujets immunod\u00e9prim\u00e9s doivent particuli\u00e8rement faire attention \u00e0 ces sympt\u00f4mes. \u00ab\u00a0La list\u00e9riose est une maladie qui peut \u00eatre grave et dont le d\u00e9lai d\u2019incubation peut aller jusqu\u2019\u00e0 huit semaines\u00a0\u00bb, pr\u00e9cise Rappel Conso.<\/p>\n<\/p>\n<p>Les clients concern\u00e9s par ce rappel peuvent demander un <a href=\"https:\/\/www.20minutes.fr\/dossier\/remboursement\" class=\"c-link c-link--is-underlined\" target=\"_blank\" rel=\"noopener\">remboursement<\/a> avant le 30\u00a0septembre 2025. Un\u00a0num\u00e9ro de contact est \u00e0 la disposition des consommateurs pour plus de renseignement\u00a0: 08\u00a005\u00a090\u00a080\u00a070.<\/p>\n","protected":false},"excerpt":{"rendered":"Ces derni\u00e8res semaines, Carrefour a rappel\u00e9 du th\u00e9 contenant trop de pesticides ou encore du lait caill\u00e9. Un&hellip;\n","protected":false},"author":2,"featured_media":392368,"comment_status":"","ping_status":"","sticky":false,"template":"","format":"standard","meta":{"footnotes":""},"categories":[6],"tags":[47,35,4304,33,34,1011,27,23319,27868,25575,104],"class_list":{"0":"post-392367","1":"post","2":"type-post","3":"status-publish","4":"format-standard","5":"has-post-thumbnail","7":"category-economie","8":"tag-actualite","9":"tag-business","10":"tag-carrefour","11":"tag-economie","12":"tag-economy","13":"tag-fr","14":"tag-france","15":"tag-fromage","16":"tag-listeria","17":"tag-rappel-de-produit","18":"tag-societe"},"share_on_mastodon":{"url":"https:\/\/pubeurope.com\/@fr\/115207892218577631","error":""},"_links":{"self":[{"href":"https:\/\/www.europesays.com\/fr\/wp-json\/wp\/v2\/posts\/392367","targetHints":{"allow":["GET"]}}],"collection":[{"href":"https:\/\/www.europesays.com\/fr\/wp-json\/wp\/v2\/posts"}],"about":[{"href":"https:\/\/www.europesays.com\/fr\/wp-json\/wp\/v2\/types\/post"}],"author":[{"embeddable":true,"href":"https:\/\/www.europesays.com\/fr\/wp-json\/wp\/v2\/users\/2"}],"replies":[{"embeddable":true,"href":"https:\/\/www.europesays.com\/fr\/wp-json\/wp\/v2\/comments?post=392367"}],"version-history":[{"count":0,"href":"https:\/\/www.europesays.com\/fr\/wp-json\/wp\/v2\/posts\/392367\/revisions"}],"wp:featuredmedia":[{"embeddable":true,"href":"https:\/\/www.europesays.com\/fr\/wp-json\/wp\/v2\/media\/392368"}],"wp:attachment":[{"href":"https:\/\/www.europesays.com\/fr\/wp-json\/wp\/v2\/media?parent=392367"}],"wp:term":[{"taxonomy":"category","embeddable":true,"href":"https:\/\/www.europesays.com\/fr\/wp-json\/wp\/v2\/categories?post=392367"},{"taxonomy":"post_tag","embeddable":true,"href":"https:\/\/www.europesays.com\/fr\/wp-json\/wp\/v2\/tags?post=392367"}],"curies":[{"name":"wp","href":"https:\/\/api.w.org\/{rel}","templated":true}]}}