{"id":392377,"date":"2025-09-15T10:46:18","date_gmt":"2025-09-15T10:46:18","guid":{"rendered":"https:\/\/www.europesays.com\/fr\/392377\/"},"modified":"2025-09-15T10:46:18","modified_gmt":"2025-09-15T10:46:18","slug":"une-balade-urbaine-en-coeur-de-ville","status":"publish","type":"post","link":"https:\/\/www.europesays.com\/fr\/392377\/","title":{"rendered":"une balade urbaine en c\u0153ur de ville"},"content":{"rendered":"<p>Cr\u00e9\u00e9es en 1984 sous l\u2019appellation \u00ab\u00a0Journ\u00e9es portes ouvertes des monuments historiques\u00a0\u00bb, par le minist\u00e8re de la Culture, les Journ\u00e9es europ\u00e9ennes du patrimoine, qui ont pour objectif de d\u00e9voiler au plus grand nombre les richesses extraordinaires du patrimoine national, n\u2019ont depuis cess\u00e9 de gagner en notori\u00e9t\u00e9 et en affluence. Ces moments privil\u00e9gi\u00e9s, organis\u00e9s le temps d\u2019un week-end, offrent la possibilit\u00e9 de s\u2019immiscer au c\u0153ur des \u00e9difices les plus divers, \u00e9difices religieux, b\u00e2timents administratifs, militaires ou judiciaires, des lieux de comm\u00e9moration, des sites industriels ou des ateliers d\u2019artisans et d\u2019artistes. Ils peuvent d\u2019ailleurs concerner \u00e9galement des demeures priv\u00e9es.<\/p>\n<p>En marge d\u2019un programme tr\u00e8s \u00e9clectique, \u00e9tabli pour l\u2019ensemble de l\u2019agglom\u00e9ration, et du d\u00e9partement, la Micro-Folie, qui propose des activit\u00e9s autour de l\u2019histoire de l\u2019art, gr\u00e2ce \u00e0 des outils num\u00e9riques, et <a href=\"https:\/\/www.estrepublicain.fr\/culture-loisirs\/2025\/01\/24\/memoire-urbaine-le-projet-hilo-se-developpe-a-vand-est\" target=\"_blank\" rel=\"noopener\">l\u2019HiLo,<\/a> qui \u00e9labore un projet culturel et scientifique autour de la m\u00e9moire de Vand\u2019Est, organisent une visite guid\u00e9e au c\u0153ur de la ville nouvelle.<\/p>\n<p>  Bien des vicissitudes\u2026<\/p>\n<p>Au programme notamment\u00a0: la d\u00e9couverte de l\u2019histoire du Domaine du Charmois et des myst\u00e9rieuses caves du ch\u00e2teau, ainsi qu\u2019un focus sur le ch\u00e2teau d\u2019eau, transform\u00e9 aujourd\u2019hui en lieu d\u2019habitation. \u00c9difi\u00e9 entre\u00a01726 et\u00a01728 sur la propri\u00e9t\u00e9 du peintre Charles-Joseph Gilles, dit Proven\u00e7al, le domaine du Charmois, qui \u00e9tait entour\u00e9 initialement d\u2019un parc \u00e0 la fran\u00e7aise, de pr\u00e8s, et de vignes, soit une superficie de 15 hectares, a connu bien des vicissitudes.<\/p>\n<p>Divis\u00e9e en cinq lots au lendemain de la R\u00e9volution, la propri\u00e9t\u00e9 a d\u2019abord \u00e9t\u00e9 laiss\u00e9e \u00e0 l\u2019abandon, jusqu\u2019\u00e0 ce que Fran\u00e7ois-Camille Jeanpierre rase la b\u00e2tisse, en 1896, pour b\u00e2tir l\u2019\u00e9difice actuel d\u2019inspiration n\u00e9ogothique, et l\u2019entourer d\u2019un jardin \u00e0 l\u2019anglaise de 4 hectares.<\/p>\n<p>  Prouesse architecturale<\/p>\n<p>Durant la Seconde Guerre mondiale, le ch\u00e2teau a \u00e9t\u00e9 successivement occup\u00e9 par l\u2019Arm\u00e9e fran\u00e7aise, les Allemands et les Am\u00e9ricains (les \u00e9curies du ch\u00e2teau ont m\u00eame abrit\u00e9 un camp de prisonniers allemands en 1945), avant d\u2019accueillir, dans les ann\u00e9es 50, une \u00e9cole m\u00e9nag\u00e8re. La Ville de Vand\u0153uvre enfin a rachet\u00e9 le parc, en 1981, puis le ch\u00e2teau, en 1983, restaur\u00e9 trois ans plus tard, pour \u00eatre ouvert au public.<\/p>\n<p><a href=\"https:\/\/www.estrepublicain.fr\/edition-de-nancy-ville\/2017\/12\/18\/vandoeuvre-habiter-dans-un-chateau-d-eau\" target=\"_blank\" rel=\"noopener\">Le Ch\u00e2teau d\u2019eau Saint-Charles<\/a> a \u00e9galement une histoire peu banale. Construit en 1908 sur les plans d\u2019Eug\u00e8ne Griffon, au cours de travaux d\u2019envergure, qui ont n\u00e9cessit\u00e9 le recours \u00e0 une grue de 45 m\u00e8tres de haut, il a \u00e9t\u00e9 transform\u00e9, en 1990, en immeuble d\u2019habitation de dix-huit logements. Un chantier consid\u00e9r\u00e9 \u00e0 l\u2019\u00e9poque comme une prouesse architecturale\u00a0!<\/p>\n<p>La principale particularit\u00e9 de l\u2019\u00e9difice\u00a0: on n\u2019y trouve quasiment aucun d\u2019angle droit, les murs \u00e9pousant la courbure d\u2019origine du b\u00e2timent.<\/p>\n<p class=\"note\">Balade urbaine le 20\u00a0septembre. Se munir de chaussures confortables. Rendez-vous \u00e0 14\u00a0h\u00a030 sur le parking du Domaine du Charmois. Renseignements, m\u00e9diath\u00e8que Jules-Verne, 2 rue de Malines \u00e0 Vand\u0153uvre, t\u00e9l.\u00a003\u00a083\u00a054\u00a085\u00a053.<\/p>\n","protected":false},"excerpt":{"rendered":"Cr\u00e9\u00e9es en 1984 sous l\u2019appellation \u00ab\u00a0Journ\u00e9es portes ouvertes des monuments historiques\u00a0\u00bb, par le minist\u00e8re de la Culture, les&hellip;\n","protected":false},"author":2,"featured_media":392378,"comment_status":"","ping_status":"","sticky":false,"template":"","format":"standard","meta":{"footnotes":""},"categories":[9635],"tags":[1111,11,1687,1704,1777,674,1011,27,775,6364,1702,12,2661,25,5711],"class_list":{"0":"post-392377","1":"post","2":"type-post","3":"status-publish","4":"format-standard","5":"has-post-thumbnail","7":"category-nancy","8":"tag-actu","9":"tag-actualites","10":"tag-culture-loisirs","11":"tag-edition-nancy-et-agglomeration","12":"tag-eu","13":"tag-europe","14":"tag-fr","15":"tag-france","16":"tag-grand-est","17":"tag-metropole-du-grand-nancy-54b1","18":"tag-nancy","19":"tag-news","20":"tag-patrimoine-culturel","21":"tag-republique-francaise","22":"tag-vandoeuvre-les-nancy"},"share_on_mastodon":{"url":"https:\/\/pubeurope.com\/@fr\/115207915704861953","error":""},"_links":{"self":[{"href":"https:\/\/www.europesays.com\/fr\/wp-json\/wp\/v2\/posts\/392377","targetHints":{"allow":["GET"]}}],"collection":[{"href":"https:\/\/www.europesays.com\/fr\/wp-json\/wp\/v2\/posts"}],"about":[{"href":"https:\/\/www.europesays.com\/fr\/wp-json\/wp\/v2\/types\/post"}],"author":[{"embeddable":true,"href":"https:\/\/www.europesays.com\/fr\/wp-json\/wp\/v2\/users\/2"}],"replies":[{"embeddable":true,"href":"https:\/\/www.europesays.com\/fr\/wp-json\/wp\/v2\/comments?post=392377"}],"version-history":[{"count":0,"href":"https:\/\/www.europesays.com\/fr\/wp-json\/wp\/v2\/posts\/392377\/revisions"}],"wp:featuredmedia":[{"embeddable":true,"href":"https:\/\/www.europesays.com\/fr\/wp-json\/wp\/v2\/media\/392378"}],"wp:attachment":[{"href":"https:\/\/www.europesays.com\/fr\/wp-json\/wp\/v2\/media?parent=392377"}],"wp:term":[{"taxonomy":"category","embeddable":true,"href":"https:\/\/www.europesays.com\/fr\/wp-json\/wp\/v2\/categories?post=392377"},{"taxonomy":"post_tag","embeddable":true,"href":"https:\/\/www.europesays.com\/fr\/wp-json\/wp\/v2\/tags?post=392377"}],"curies":[{"name":"wp","href":"https:\/\/api.w.org\/{rel}","templated":true}]}}