{"id":392381,"date":"2025-09-15T10:48:11","date_gmt":"2025-09-15T10:48:11","guid":{"rendered":"https:\/\/www.europesays.com\/fr\/392381\/"},"modified":"2025-09-15T10:48:11","modified_gmt":"2025-09-15T10:48:11","slug":"ce-dimanche-de-nombreux-toulonnais-sont-venus-celebrer-le-demi-siecle-de-la-pizzeria-taormina","status":"publish","type":"post","link":"https:\/\/www.europesays.com\/fr\/392381\/","title":{"rendered":"Ce dimanche de nombreux toulonnais sont venus c\u00e9l\u00e9brer le demi-si\u00e8cle de la pizzeria Taormina"},"content":{"rendered":"<p>              <img ci-src=\"https:\/\/www.varmatin.com\/vie-locale\/protec\/DATA_ART_16243171-wVwuhOLc.jpg?vh=f9c16a&amp;ci_seal=65450d633d\" alt=\"\"\/><br \/>\n         <strong>VALERIE LE PARC \/ Nice Matin.<\/strong> <\/p>\n<p>              <img ci-src=\"https:\/\/www.varmatin.com\/vie-locale\/protec\/DATA_ART_16243174-9DmhsykR.jpg?vh=3cc0cd&amp;ci_seal=f354b689f3\" alt=\"\"\/><br \/>\n         <strong>VALERIE LE PARC \/ Nice Matin.<\/strong> <\/p>\n<p>Ce n\u2019est pas \u00ab\u00a0la pizzeria des stars\u00a0\u00bb pour rien! Ce dimanche soir, Taormina avait mis les petits plats dans les grands pour recevoir ses nombreux invit\u00e9s et f\u00eater son demi-si\u00e8cle dignement.<\/p>\n<p>Dans la haute ville, la petite rue Dumont-d\u2019Urville, ferm\u00e9e \u00e0 la circulation pour l\u2019occasion et d\u00e9cor\u00e9e aux couleurs de l\u2019Italie, s\u2019\u00e9tait par\u00e9e de son tapis rouge de gala. Que les convives ont foul\u00e9 d\u00e8s 19h, essentiellement la famille et les clients fid\u00e8les, parmi lesquels, bien s\u00fbr, Charles Berling, le directeur du th\u00e9\u00e2tre Libert\u00e9, habitu\u00e9 de longue date qui a fait de cette petite pizzeria familiale sa cantine. Toutes les personnalit\u00e9s politiques sont \u00e9galement pass\u00e9 saluer Jos\u00e9phine et Mario Mari, les patrons de l\u2019institution toulonnaise. Ainsi que l\u2019essentiel des autres commer\u00e7ants de la rue.<\/p>\n<p>Pizzas, musique et simplicit\u00e9<\/p>\n<p>Et le moins que l\u2019on puisse dire, c\u2019est que personne n\u2019a manqu\u00e9 de rien! Ni de nourriture &#8211; et notamment de pizzas, pardi &#8211; ni de boissons festives, ni de joie et d\u2019ambiance, assur\u00e9e par un excellent groupe de musique. \u00e7a a dans\u00e9, chant\u00e9, jusqu\u2019aux fen\u00eatres et sur les balcons des riverains, et sous les regards amus\u00e9s et surpris des voyageurs sortant du train et descendant de la gare. Une soir\u00e9e pleine de joie, de g\u00e9n\u00e9rosit\u00e9 et de simplicit\u00e9, toute \u00e0 l\u2019image de Jos\u00e9 et Mario, finalement. Joyeux anniversaire, Taormina!<\/p>\n","protected":false},"excerpt":{"rendered":"VALERIE LE PARC \/ Nice Matin. VALERIE LE PARC \/ Nice Matin. Ce n\u2019est pas \u00ab\u00a0la pizzeria des&hellip;\n","protected":false},"author":2,"featured_media":392382,"comment_status":"","ping_status":"","sticky":false,"template":"","format":"standard","meta":{"footnotes":""},"categories":[9619],"tags":[1111,11,1777,674,1011,27,12,882,25,2310,3366],"class_list":{"0":"post-392381","1":"post","2":"type-post","3":"status-publish","4":"format-standard","5":"has-post-thumbnail","7":"category-toulon","8":"tag-actu","9":"tag-actualites","10":"tag-eu","11":"tag-europe","12":"tag-fr","13":"tag-france","14":"tag-news","15":"tag-provence-alpes-cote-dazur","16":"tag-republique-francaise","17":"tag-toulon","18":"tag-vie-locale"},"share_on_mastodon":{"url":"https:\/\/pubeurope.com\/@fr\/115207923524180888","error":""},"_links":{"self":[{"href":"https:\/\/www.europesays.com\/fr\/wp-json\/wp\/v2\/posts\/392381","targetHints":{"allow":["GET"]}}],"collection":[{"href":"https:\/\/www.europesays.com\/fr\/wp-json\/wp\/v2\/posts"}],"about":[{"href":"https:\/\/www.europesays.com\/fr\/wp-json\/wp\/v2\/types\/post"}],"author":[{"embeddable":true,"href":"https:\/\/www.europesays.com\/fr\/wp-json\/wp\/v2\/users\/2"}],"replies":[{"embeddable":true,"href":"https:\/\/www.europesays.com\/fr\/wp-json\/wp\/v2\/comments?post=392381"}],"version-history":[{"count":0,"href":"https:\/\/www.europesays.com\/fr\/wp-json\/wp\/v2\/posts\/392381\/revisions"}],"wp:featuredmedia":[{"embeddable":true,"href":"https:\/\/www.europesays.com\/fr\/wp-json\/wp\/v2\/media\/392382"}],"wp:attachment":[{"href":"https:\/\/www.europesays.com\/fr\/wp-json\/wp\/v2\/media?parent=392381"}],"wp:term":[{"taxonomy":"category","embeddable":true,"href":"https:\/\/www.europesays.com\/fr\/wp-json\/wp\/v2\/categories?post=392381"},{"taxonomy":"post_tag","embeddable":true,"href":"https:\/\/www.europesays.com\/fr\/wp-json\/wp\/v2\/tags?post=392381"}],"curies":[{"name":"wp","href":"https:\/\/api.w.org\/{rel}","templated":true}]}}