{"id":392398,"date":"2025-09-15T11:00:13","date_gmt":"2025-09-15T11:00:13","guid":{"rendered":"https:\/\/www.europesays.com\/fr\/392398\/"},"modified":"2025-09-15T11:00:13","modified_gmt":"2025-09-15T11:00:13","slug":"strasbourg-des-militants-pro-palestine-vises-par-un-tag-a-la-neustadt","status":"publish","type":"post","link":"https:\/\/www.europesays.com\/fr\/392398\/","title":{"rendered":"Strasbourg. Des militants pro-Palestine vis\u00e9s par un tag \u00e0 la Neustadt"},"content":{"rendered":"<p>Des militants pro-Palestine d\u2019un immeuble du boulevard de la Victoire \u00e0 Strasbourg, dans le quartier de la Neustadt, ont \u00e9t\u00e9 vis\u00e9s par un acte de vandalisme au petit matin, dimanche 14\u00a0septembre. Un drapeau fran\u00e7ais a \u00e9t\u00e9 tagu\u00e9 sur la porte d\u2019entr\u00e9e. Ces d\u00e9gradations rappellent <a href=\"https:\/\/www.dna.fr\/faits-divers-justice\/2025\/07\/25\/contades-des-tags-visent-des-militants-pro-palestiniens\" target=\"_blank\" rel=\"noopener\">celles qui ont cibl\u00e9 l\u2019immeuble de la rue Oberlin<\/a> , en juillet dernier.<\/p>\n<p>\u00ab\u00a0Notre immeuble s\u2019est fait vandaliser cette nuit, en raison de notre <a href=\"https:\/\/www.dna.fr\/defense-guerre-conflit\/2025\/05\/26\/jumelage-avec-un-camp-palestinien-deux-photos-de-jeanne-barseghian-avec-une-carte-equivoque-et-un-keffieh-sement-la-discorde\" target=\"_blank\" rel=\"noopener\">engagement pro-palestinien<\/a> \u00a0\u00bb, d\u00e9plore Laetitia, une des locataires. Dans la nuit de samedi\u00a013 \u00e0 dimanche 14\u00a0septembre, le tag d\u2019un drapeau fran\u00e7ais, avec une fl\u00e8che ciblant les balcons o\u00f9 flotte le drapeau palestinien, est apparu sur la porte d\u2019entr\u00e9e du b\u00e2timent, situ\u00e9 boulevard de la Victoire, \u00e0 Strasbourg. Un axe tr\u00e8s visible et passant du quartier de la Neustadt.<\/p>\n<p>  \u00ab\u00a0On savait qu\u2019on s\u2019exposait \u00e0 des risques\u00a0\u00bb<\/p>\n<p>\u00ab\u00a0Trois drapeaux palestiniens \u00e9taient affich\u00e9s depuis plusieurs semaines aux 1er , 2e\u00a0 et 4e\u00a0 \u00e9tages. On savait qu\u2019on s\u2019exposait \u00e0 des risques. \u00c7a ressemble \u00e0 une action vis\u00e9e\u00a0! J\u2019ai affich\u00e9 le mien <a href=\"https:\/\/www.dna.fr\/politique\/2025\/09\/15\/olivier-faure-demande-des-drapeaux-palestiniens-sur-les-mairies-le-22-septembre\" target=\"_blank\" rel=\"noopener\">pour soutenir le peuple palestinien<\/a> dans le contexte du g\u00e9nocide \u00e0 Gaza mais aussi pour soutenir les colocataires de l\u2019immeuble de la rue Oberlin, pris pour cible cet \u00e9t\u00e9\u00a0\u00bb, explique-t-elle.\u00a0En effet, des messages insultants et anti-Palestine avaient \u00e9t\u00e9 tagu\u00e9s en grosses lettres rouges sur la fa\u00e7ade de l\u2019immeuble de la rue Oberlin, avec un drapeau fran\u00e7ais marqu\u00e9 du ruban jaune, fin juillet.<\/p>\n<p>La porte d\u2019entr\u00e9e de leur immeuble avait aussi \u00e9t\u00e9 fracass\u00e9e. Une des voisines a d\u00e9pos\u00e9 plainte en ligne au nom d\u2019une d\u00e9marche collective. \u00ab\u00a0Nous n\u2019avons pas pr\u00e9vu de retirer nos drapeaux, cela ne nous atteint pas. Nous avons d\u00e9cid\u00e9 d\u2019en parler pour ne pas banaliser ce genre d\u2019acte.\u00a0\u00bb Ce lundi matin, le tag bleu blanc rouge n\u2019avait toujours pas \u00e9t\u00e9 nettoy\u00e9.<\/p>\n","protected":false},"excerpt":{"rendered":"Des militants pro-Palestine d\u2019un immeuble du boulevard de la Victoire \u00e0 Strasbourg, dans le quartier de la Neustadt,&hellip;\n","protected":false},"author":2,"featured_media":392399,"comment_status":"","ping_status":"","sticky":false,"template":"","format":"standard","meta":{"footnotes":""},"categories":[2820],"tags":[1111,11,271,272,2880,1777,674,274,107,1011,27,775,12,25,640,2879],"class_list":{"0":"post-392398","1":"post","2":"type-post","3":"status-publish","4":"format-standard","5":"has-post-thumbnail","7":"category-strasbourg","8":"tag-actu","9":"tag-actualites","10":"tag-crime","11":"tag-delit-et-contravention","12":"tag-edition-strasbourg","13":"tag-eu","14":"tag-europe","15":"tag-faits-divers-justice","16":"tag-fil-info","17":"tag-fr","18":"tag-france","19":"tag-grand-est","20":"tag-news","21":"tag-republique-francaise","22":"tag-strasbourg","23":"tag-strasbourg-ville"},"share_on_mastodon":{"url":"https:\/\/pubeurope.com\/@fr\/115207970812976963","error":""},"_links":{"self":[{"href":"https:\/\/www.europesays.com\/fr\/wp-json\/wp\/v2\/posts\/392398","targetHints":{"allow":["GET"]}}],"collection":[{"href":"https:\/\/www.europesays.com\/fr\/wp-json\/wp\/v2\/posts"}],"about":[{"href":"https:\/\/www.europesays.com\/fr\/wp-json\/wp\/v2\/types\/post"}],"author":[{"embeddable":true,"href":"https:\/\/www.europesays.com\/fr\/wp-json\/wp\/v2\/users\/2"}],"replies":[{"embeddable":true,"href":"https:\/\/www.europesays.com\/fr\/wp-json\/wp\/v2\/comments?post=392398"}],"version-history":[{"count":0,"href":"https:\/\/www.europesays.com\/fr\/wp-json\/wp\/v2\/posts\/392398\/revisions"}],"wp:featuredmedia":[{"embeddable":true,"href":"https:\/\/www.europesays.com\/fr\/wp-json\/wp\/v2\/media\/392399"}],"wp:attachment":[{"href":"https:\/\/www.europesays.com\/fr\/wp-json\/wp\/v2\/media?parent=392398"}],"wp:term":[{"taxonomy":"category","embeddable":true,"href":"https:\/\/www.europesays.com\/fr\/wp-json\/wp\/v2\/categories?post=392398"},{"taxonomy":"post_tag","embeddable":true,"href":"https:\/\/www.europesays.com\/fr\/wp-json\/wp\/v2\/tags?post=392398"}],"curies":[{"name":"wp","href":"https:\/\/api.w.org\/{rel}","templated":true}]}}