{"id":392422,"date":"2025-09-15T11:12:12","date_gmt":"2025-09-15T11:12:12","guid":{"rendered":"https:\/\/www.europesays.com\/fr\/392422\/"},"modified":"2025-09-15T11:12:12","modified_gmt":"2025-09-15T11:12:12","slug":"les-docks-libres-a-marseille-la-cite-ideale-devenue-piege-de-beton","status":"publish","type":"post","link":"https:\/\/www.europesays.com\/fr\/392422\/","title":{"rendered":"Les Docks libres \u00e0 Marseille, la cit\u00e9 id\u00e9ale devenue pi\u00e8ge de b\u00e9ton"},"content":{"rendered":"<p>\t    Les Docks libres \u00e0 Marseille, la cit\u00e9 id\u00e9ale devenue pi\u00e8ge de b\u00e9ton &#8211; Marsactu<\/p>\n<p>&#13;<br \/>\n\t\t&#13;<\/p>\n<p>Nous utilisons des cookies pour vous garantir la meilleure exp\u00e9rience sur notre site. Vous pouvez choisir de refuser les cookies.J&rsquo;accepteNonEn savoir plus<\/p>\n<p>\t\t&#13;<\/p>\n","protected":false},"excerpt":{"rendered":"Les Docks libres \u00e0 Marseille, la cit\u00e9 id\u00e9ale devenue pi\u00e8ge de b\u00e9ton &#8211; Marsactu &#13; &#13; Nous utilisons&hellip;\n","protected":false},"author":2,"featured_media":392423,"comment_status":"","ping_status":"","sticky":false,"template":"","format":"standard","meta":{"footnotes":""},"categories":[2814],"tags":[41391,1111,11,52449,1777,674,1011,27,884,12,882,2687,25,52450,4772],"class_list":{"0":"post-392422","1":"post","2":"type-post","3":"status-publish","4":"format-standard","5":"has-post-thumbnail","7":"category-marseille","8":"tag-13habitat","9":"tag-actu","10":"tag-actualites","11":"tag-dockslibres","12":"tag-eu","13":"tag-europe","14":"tag-fr","15":"tag-france","16":"tag-marseille","17":"tag-news","18":"tag-provence-alpes-cote-dazur","19":"tag-reportage","20":"tag-republique-francaise","21":"tag-saintmauront","22":"tag-zalu"},"share_on_mastodon":{"url":"https:\/\/pubeurope.com\/@fr\/115208018016146975","error":""},"_links":{"self":[{"href":"https:\/\/www.europesays.com\/fr\/wp-json\/wp\/v2\/posts\/392422","targetHints":{"allow":["GET"]}}],"collection":[{"href":"https:\/\/www.europesays.com\/fr\/wp-json\/wp\/v2\/posts"}],"about":[{"href":"https:\/\/www.europesays.com\/fr\/wp-json\/wp\/v2\/types\/post"}],"author":[{"embeddable":true,"href":"https:\/\/www.europesays.com\/fr\/wp-json\/wp\/v2\/users\/2"}],"replies":[{"embeddable":true,"href":"https:\/\/www.europesays.com\/fr\/wp-json\/wp\/v2\/comments?post=392422"}],"version-history":[{"count":0,"href":"https:\/\/www.europesays.com\/fr\/wp-json\/wp\/v2\/posts\/392422\/revisions"}],"wp:featuredmedia":[{"embeddable":true,"href":"https:\/\/www.europesays.com\/fr\/wp-json\/wp\/v2\/media\/392423"}],"wp:attachment":[{"href":"https:\/\/www.europesays.com\/fr\/wp-json\/wp\/v2\/media?parent=392422"}],"wp:term":[{"taxonomy":"category","embeddable":true,"href":"https:\/\/www.europesays.com\/fr\/wp-json\/wp\/v2\/categories?post=392422"},{"taxonomy":"post_tag","embeddable":true,"href":"https:\/\/www.europesays.com\/fr\/wp-json\/wp\/v2\/tags?post=392422"}],"curies":[{"name":"wp","href":"https:\/\/api.w.org\/{rel}","templated":true}]}}