{"id":392432,"date":"2025-09-15T11:17:12","date_gmt":"2025-09-15T11:17:12","guid":{"rendered":"https:\/\/www.europesays.com\/fr\/392432\/"},"modified":"2025-09-15T11:17:12","modified_gmt":"2025-09-15T11:17:12","slug":"ce-que-lon-sait-de-laccident-disabelle-nanty-un-homme-meurt-dans-le-rer-e-linfo-en-ile-de-france","status":"publish","type":"post","link":"https:\/\/www.europesays.com\/fr\/392432\/","title":{"rendered":"Ce que l&rsquo;on sait de l&rsquo;accident d&rsquo;Isabelle Nanty, un homme meurt dans le RER E&#8230; l&rsquo;info en Ile-de-France"},"content":{"rendered":"<p>            Par<br \/>\n        <strong><br \/>\n            <a href=\"https:\/\/actu.fr\/auteur\/jerome-lemonnier\" title=\"Consulter tous les articles de J\u00e9r\u00f4me Lemonnier\" rel=\"nofollow noopener\" target=\"_blank\">J\u00e9r\u00f4me Lemonnier<\/a><br \/>\n        <\/strong><\/p>\n<p>        Publi\u00e9 le<\/p>\n<p>            15 sept. 2025 \u00e0 12h09        <\/p>\n<p>On en sait d\u00e9sormais plus sur\u00a0<a href=\"https:\/\/actu.fr\/ile-de-france\/saint-arnoult-en-yvelines_78537\/lactrice-isabelle-nanty-victime-dun-gave-accident-de-la-route-dans-les-yvelines_63160075.html\" rel=\"nofollow noopener\" target=\"_blank\">l\u2019accident<\/a>\u00a0dont l\u2019actrice Isabelle Nanty a \u00e9t\u00e9 victime dans les Yvelines, le vendredi 12\u00a0septembre 2025. Elle comme le conducteur de la Mercedes class V doivent \u00eatre entendus par la gendarmerie en cette journ\u00e9e du lundi 15\u00a0septembre 2025. Des auditions attendues, notamment pour le chauffeur dont la\u00a0<b>situation administrative<\/b>\u00a0ne semble pas \u00eatre dans les clous.<\/p>\n<p class=\" wall-content\">Un\u00a0<a href=\"https:\/\/actu.fr\/tag\/accident\" rel=\"nofollow noopener\" target=\"_blank\">accident extr\u00eamement violent<\/a>. Ce samedi 13\u00a0septembre 2025, un camion benne de moins de 3,5 tonnes et deux voitures\u00a0<strong>se sont percut\u00e9s de plein fouet<\/strong>\u00a0\u00e0\u00a0<a href=\"https:\/\/actu.fr\/ile-de-france\/viry-chatillon_91687\" rel=\"nofollow noopener\" target=\"_blank\">Viry-Ch\u00e2tillon<\/a>, a appris\u00a0Actu Essonne\u00a0aupr\u00e8s\u00a0<a href=\"https:\/\/actu.fr\/tag\/pompiers\" rel=\"nofollow noopener\" target=\"_blank\">des pompiers<\/a>.<\/p>\n<p class=\" wall-content\">Le \u00ab\u00a0malaise voyageur\u00a0\u00bb a vir\u00e9\u00a0<strong>au drame<\/strong>. Ce lundi 15 septembre 2025 vers 9h, le trafic du\u00a0<a href=\"https:\/\/actu.fr\/tag\/rer-e\" rel=\"nofollow noopener\" target=\"_blank\">RER E<\/a>\u00a0a \u00e9t\u00e9 fortement perturb\u00e9 en d\u00e9but de matin\u00e9e \u00e0 la gare de Pantin (<a href=\"https:\/\/actu.fr\/ile-de-france\/seine-saint-denis_93\" rel=\"nofollow noopener\" target=\"_blank\">Seine-Saint-Denis<\/a>). Pour l\u2019heure, il n\u2019y a plus de desserte de Pantin en direction de Nanterre La Folie. Le trafic devrait reprendre d\u2019ici 10h30.<\/p>\n<p class=\" wall-content\">Vice-champion d\u2019Europe cadet en 2024, champion d\u2019Europe junior en 2025 et champion de France senior,\u00a0<b>Thomas Klemz<\/b>, 17 ans, se pr\u00e9pare d\u00e9j\u00e0 pour une \u00e9preuve majeure : le Mondial. Si pour son club\u00a0<b>Thalya Somb\u00e9<\/b>\u00a0a son billet en poche, ce n\u2019est pas encore le cas du Franco-Britannique du CKS en Pays Cr\u00e9\u00e7ois \u00e0\u00a0<a href=\"https:\/\/actu.fr\/ile-de-france\/crecy-la-chapelle_77142\" rel=\"nofollow noopener\" target=\"_blank\">Cr\u00e9cy-la-Chapelle<\/a>\u00a0(Seine-et-Marne).<\/p>\n<p class=\" wall-content\">Une nouvelle vie pour la friche industrielle du<strong>\u00a0quartier Jean-Moulin<\/strong>. Situ\u00e9e \u00e0 Gagny (Seine-Saint-Denis), le long des voies du\u00a0<strong><a href=\"https:\/\/actu.fr\/tag\/rer-e\" rel=\"nofollow noopener\" target=\"_blank\">RER E<\/a><\/strong>, la parcelle qui \u00e9tait jusqu\u2019alors occup\u00e9e par une entreprise de m\u00e9tallurgie va bient\u00f4t laisser place \u00e0 un ensemble de<strong>\u00a0286 logements.<\/strong>\u00a0L\u2019op\u00e9ration immobili\u00e8re donnera une nouvelle vie \u00e0 cet espace en<strong>\u00a0d\u00e9sh\u00e9rence depuis 2012<\/strong>\u00a0et d\u00e9finitivement inoccup\u00e9 depuis 2024.<\/p>\n<p>Les informations \u00e0 retenir ce lundi 15 septembre 2025, \u00e0 midi, en \u00cele-de-France<\/p>\n<p class=\"expresso-item wall-content\"><strong>Yvelines. <\/strong><a title=\"Lire l&#039;article\" href=\"https:\/\/actu.fr\/faits-divers\/accident-disabelle-nanty-dans-les-yvelines-pourquoi-le-chauffeur-vtc-naurait-jamais-du-conduire_63162107.html\" rel=\"nofollow noopener\" target=\"_blank\"><strong>Accident d\u2019Isabelle Nanty : pourquoi le chauffeur VTC n\u2019aurait jamais d\u00fb conduire<\/strong><\/a><br \/>INFO 78ACTU \u2013 Apr\u00e8s son accident, l\u2019\u00e9tat de sant\u00e9 de l\u2019actrice Isabelle Nanty ne semble plus \u00eatre source d\u2019inqui\u00e9tudes. D\u00e9sormais, l\u2019attention se tourne vers le chauffeur VTC.<\/p>\n<p class=\"expresso-item wall-content\"><strong>Essonne. <\/strong><a title=\"Lire l&#039;article\" href=\"https:\/\/actu.fr\/ile-de-france\/viry-chatillon_91687\/essonne-trois-blesses-dont-deux-graves-dans-une-violente-collision-entre-un-camion-benne-et-deux-voitures_63161213.html\" rel=\"nofollow noopener\" target=\"_blank\"><strong>Trois bless\u00e9s, dont deux graves, dans une violente collision entre un camion benne et deux voitures<\/strong><\/a><br \/>Ce samedi 13 septembre 2025, un grave accident de la route s\u2019est produit \u00e0 Viry-Ch\u00e2tillon. Le bilan fait \u00e9tat de trois victimes, dont deux en urgence absolue.<\/p>\n<p class=\"expresso-item wall-content\"><strong>Seine-Saint-Denis. <\/strong><a title=\"Lire l&#039;article\" href=\"https:\/\/actu.fr\/ile-de-france\/pantin_93055\/sncf-un-homme-meurt-sur-le-quai-du-rer-e-le-trafic-fortement-perturbe-en-seine-saint-denis_63161191.html\" rel=\"nofollow noopener\" target=\"_blank\"><strong>Un homme meurt sur le quai du RER E, le trafic fortement perturb\u00e9 <\/strong><\/a><br \/>Un malaise voyageur a paralys\u00e9 la circulation des trains du RER E \u00e0 la gare de Pantin (Seine-Saint-Denis) ce lundi 15 septembre 2025.<\/p>\n<p class=\"expresso-item wall-content\"><strong>Seine-et-Marne. <\/strong><a title=\"Lire l&#039;article\" href=\"https:\/\/actu.fr\/ile-de-france\/crecy-la-chapelle_77142\/karate-en-seine-et-marne-thomas-klemz-en-quete-du-mondial_63153304.html\" rel=\"nofollow noopener\" target=\"_blank\"><strong>Thomas Klemz en qu\u00eate du Mondial de karat\u00e9<\/strong><\/a><br \/>Thomas Klemz, combattant au club de Cr\u00e9cy-la-Chapelle devra passer par un tournoi qualificatif pour esp\u00e9rer participer\u00a0\u00a0<\/p>\n<p class=\"expresso-item wall-content\"><strong>Seine-Saint-Denis. <\/strong><a title=\"Lire l&#039;article\" href=\"https:\/\/actu.fr\/ile-de-france\/gagny_93032\/gagny-une-operation-immobiliere-va-redonner-vie-a-une-friche-industrielle-abandonnee-depuis-10-ans_63156001.html\" rel=\"nofollow noopener\" target=\"_blank\"><strong>Gagny : une op\u00e9ration immobili\u00e8re va redonner vie \u00e0 une friche industrielle abandonn\u00e9e depuis 10 ans<\/strong><\/a><br \/>Nexity et Novaxia vont am\u00e9nager une ancienne friche industrielle \u00e0 Gagny (Seine-Saint-Denis) pour cr\u00e9er 286 logements et un commerce.<\/p>\n<p>Suivez-nous pour en savoir plus\u2009!<\/p>\n<p class=\" wall-content wall-content wall-content wall-content wall-content wall-content\">Vous voulez plus d\u2019infos sur l\u2019\u00cele-de-France\u2009? Vous pouvez nous retrouver sur actu \u00cele-de-France. Pour nous suivre sur les r\u00e9seaux sociaux, dans vos d\u00e9partements\u2009:<\/p>\n<p class=\" wall-content wall-content wall-content wall-content wall-content wall-content\"><strong>Paris<\/strong>\u2009: retrouvez\u00a0actu\u00a0Paris\u00a0sur\u00a0<a href=\"https:\/\/www.facebook.com\/actufr.paris\/\" rel=\"nofollow noopener\" target=\"_blank\">Facebook<\/a>\u00a0et\u00a0<a href=\"https:\/\/twitter.com\/actufrparis\" rel=\"nofollow noopener\" target=\"_blank\">Twitter<\/a>\u2009;<br \/><strong>Seine-et-Marne<\/strong>\u2009: retrouvez\u00a0La R\u00e9publique de Seine-et-Marne\u00a0(sud) sur\u00a0<a href=\"https:\/\/www.facebook.com\/RepubliqueSeineMarne\/\" rel=\"nofollow noopener\" target=\"_blank\">Facebook<\/a>\u00a0et\u00a0<a href=\"https:\/\/twitter.com\/LaRep77\" rel=\"nofollow noopener\" target=\"_blank\">Twitter<\/a>\u2009;\u00a0La Marne\u00a0(nord) sur\u00a0<a href=\"https:\/\/www.facebook.com\/journallarmarne\/?__tn__=%2Cd%2CP-R&amp;eid=ARDLZc91LaHbXzDwChLLLQJVMBLx_ABJremTC2-RG0CYvg0f4f8CLvbV5G1Lli4g_6QoXDcKkU1_LX1W\" rel=\"nofollow noopener\" target=\"_blank\">Facebook<\/a>\u00a0et\u00a0<a href=\"https:\/\/twitter.com\/JournalLaMarne\" rel=\"nofollow noopener\" target=\"_blank\">Twitter<\/a>\u2009; et\u00a0Le Pays Briard\u00a0sur\u00a0<a href=\"https:\/\/www.facebook.com\/LePaysBriard\/?ref=bookmarks\" rel=\"nofollow noopener\" target=\"_blank\">Facebook<\/a>\u00a0et\u00a0<a href=\"https:\/\/twitter.com\/LePaysBriard\" rel=\"nofollow noopener\" target=\"_blank\">Twitter<\/a>\u2009;<br \/><strong>Yvelines\u2009:<\/strong>\u00a0retrouvez\u00a078actu\u00a0sur\u00a0<a href=\"https:\/\/www.facebook.com\/78actu\/\" rel=\"nofollow noopener\" target=\"_blank\">Facebook<\/a>\u00a0et\u00a0<a href=\"https:\/\/x.com\/78actu\" rel=\"nofollow\">Twitter<\/a>\u2009;<br \/><strong>Essonne\u2009:<\/strong>\u00a0retrouvez\u00a0actu Essonne\u00a0sur\u00a0<a href=\"https:\/\/www.facebook.com\/actuessonne\/?ref=br_rs\" rel=\"nofollow noopener\" target=\"_blank\">Facebook<\/a>\u00a0et\u00a0<a href=\"https:\/\/twitter.com\/ActuEssonne\" rel=\"nofollow noopener\" target=\"_blank\">Twitter<\/a>\u2009;<br \/><strong>Hauts-de-Seine\u2009:<\/strong>\u00a0retrouvez\u00a0actu\u00a0Hauts-de-Seine\u00a0sur\u00a0<a href=\"https:\/\/www.facebook.com\/actufr.hautsdeseine\/\" rel=\"nofollow noopener\" target=\"_blank\">Facebook<\/a>\u00a0et\u00a0<a href=\"https:\/\/twitter.com\/actufr92\" rel=\"nofollow noopener\" target=\"_blank\">Twitter<\/a>\u2009;<br \/><strong>Seine-Saint-Denis\u2009:<\/strong>\u00a0retrouvez actu Seine-Saint-Denis sur\u00a0<a href=\"https:\/\/www.facebook.com\/actufr.seinesaintdenis\/\" rel=\"nofollow noopener\" target=\"_blank\">Facebook<\/a>\u00a0et\u00a0<a href=\"https:\/\/x.com\/Actufr93\" rel=\"nofollow\">Twitter<\/a>\u2009;<br \/><strong>Val-de-Marne\u2009:\u00a0<\/strong>retrouvez actu Val-de-Marne sur\u00a0<a href=\"https:\/\/www.facebook.com\/actu94.valdemarne\/\" rel=\"nofollow noopener\" target=\"_blank\">Facebook<\/a>\u00a0et\u00a0<a href=\"https:\/\/x.com\/actufr94\" rel=\"nofollow\">Twitter<\/a>\u2009;<br \/><strong>Val-d\u2019Oise\u2009:\u00a0<\/strong>retrouvez La Gazette du Val-d\u2019Oise sur\u00a0<a href=\"https:\/\/x.com\/actufr94\" rel=\"nofollow\">Twitter<\/a><\/p>\n<p class=\" wall-content\">Personnalisez votre actualit\u00e9 en ajoutant vos villes et m\u00e9dias en favori avec <a href=\"https:\/\/moncompte.actu.fr\" title=\"D\u00e9couvez Mon Actu\" rel=\"nofollow noopener\" data-trk=\"{&quot;cta&quot;:{&quot;action&quot;:&quot;https:\\\/\\\/moncompte.actu.fr&quot;,&quot;category&quot;:&quot;mon compte&quot;,&quot;from&quot;:&quot;article footer&quot;,&quot;name&quot;:&quot;Mon actu&quot;,&quot;type&quot;:&quot;cta&quot;}}\" target=\"_blank\">Mon Actu<\/a>.<\/p>\n<p>                    <script async src=\"https:\/\/platform.twitter.com\/widgets.js\" charset=\"utf-8\"><\/script><\/p>\n","protected":false},"excerpt":{"rendered":"Par J\u00e9r\u00f4me Lemonnier Publi\u00e9 le 15 sept. 2025 \u00e0 12h09 On en sait d\u00e9sormais plus sur\u00a0l\u2019accident\u00a0dont l\u2019actrice Isabelle&hellip;\n","protected":false},"author":2,"featured_media":390681,"comment_status":"","ping_status":"","sticky":false,"template":"","format":"standard","meta":{"footnotes":""},"categories":[1592],"tags":[119,1111,11,1777,674,1011,27,662,12,626,1072,25,8691,104],"class_list":{"0":"post-392432","1":"post","2":"type-post","3":"status-publish","4":"format-standard","5":"has-post-thumbnail","7":"category-ile-de-france","8":"tag-accident","9":"tag-actu","10":"tag-actualites","11":"tag-eu","12":"tag-europe","13":"tag-fr","14":"tag-france","15":"tag-ile-de-france","16":"tag-news","17":"tag-paris","18":"tag-police","19":"tag-republique-francaise","20":"tag-rer-e","21":"tag-societe"},"share_on_mastodon":{"url":"https:\/\/pubeurope.com\/@fr\/115208037662081821","error":""},"_links":{"self":[{"href":"https:\/\/www.europesays.com\/fr\/wp-json\/wp\/v2\/posts\/392432","targetHints":{"allow":["GET"]}}],"collection":[{"href":"https:\/\/www.europesays.com\/fr\/wp-json\/wp\/v2\/posts"}],"about":[{"href":"https:\/\/www.europesays.com\/fr\/wp-json\/wp\/v2\/types\/post"}],"author":[{"embeddable":true,"href":"https:\/\/www.europesays.com\/fr\/wp-json\/wp\/v2\/users\/2"}],"replies":[{"embeddable":true,"href":"https:\/\/www.europesays.com\/fr\/wp-json\/wp\/v2\/comments?post=392432"}],"version-history":[{"count":0,"href":"https:\/\/www.europesays.com\/fr\/wp-json\/wp\/v2\/posts\/392432\/revisions"}],"wp:featuredmedia":[{"embeddable":true,"href":"https:\/\/www.europesays.com\/fr\/wp-json\/wp\/v2\/media\/390681"}],"wp:attachment":[{"href":"https:\/\/www.europesays.com\/fr\/wp-json\/wp\/v2\/media?parent=392432"}],"wp:term":[{"taxonomy":"category","embeddable":true,"href":"https:\/\/www.europesays.com\/fr\/wp-json\/wp\/v2\/categories?post=392432"},{"taxonomy":"post_tag","embeddable":true,"href":"https:\/\/www.europesays.com\/fr\/wp-json\/wp\/v2\/tags?post=392432"}],"curies":[{"name":"wp","href":"https:\/\/api.w.org\/{rel}","templated":true}]}}