{"id":392457,"date":"2025-09-15T11:30:14","date_gmt":"2025-09-15T11:30:14","guid":{"rendered":"https:\/\/www.europesays.com\/fr\/392457\/"},"modified":"2025-09-15T11:30:14","modified_gmt":"2025-09-15T11:30:14","slug":"une-fete-du-cochon-annulee-apres-lindignation-dune-deputee-insoumise","status":"publish","type":"post","link":"https:\/\/www.europesays.com\/fr\/392457\/","title":{"rendered":"Une \u00ab\u00a0f\u00eate du cochon\u00a0\u00bb annul\u00e9e apr\u00e8s l\u2019indignation d\u2019une d\u00e9put\u00e9e insoumise"},"content":{"rendered":"<p>Annonc\u00e9 sur les r\u00e9seaux sociaux, l\u2019\u00e9v\u00e9nement devait se tenir dimanche 21\u00a0septembre sur un terrain priv\u00e9 de la commune de Treffendel (<a href=\"https:\/\/www.20minutes.fr\/dossier\/ille_et_vilaine\" class=\"c-link c-link--is-underlined\" rel=\"nofollow noopener\" target=\"_blank\">Ille-et-Vilaine<\/a>), \u00e0 l\u2019ouest de Rennes. La section Bretagne <a href=\"https:\/\/www.20minutes.fr\/politique\/4098005-20240625-legislatives-2024-quoi-parti-france-ancien-fn-carl-lang\" class=\"c-link c-link--is-underlined\" rel=\"nofollow noopener\" target=\"_blank\">du Parti de la France<\/a>, organisation d\u2019<a href=\"https:\/\/www.20minutes.fr\/dossier\/extreme_droite\" class=\"c-link c-link--is-underlined\" rel=\"nofollow noopener\" target=\"_blank\">extr\u00eame droite<\/a> fond\u00e9e par Carl Lang et d\u2019anciens membres du Front national, devait organiser ce jour-l\u00e0 \u00ab\u00a0sa traditionnelle f\u00eate du cochon\u00a0\u00bb, en pr\u00e9sence notamment de Thomas Joly, pr\u00e9sident du parti.<\/p>\n<p>Mais l\u2019\u00e9v\u00e9nement n\u2019aura finalement pas lieu, les organisateurs ayant pr\u00e9f\u00e9r\u00e9 l\u2019annuler \u00ab\u00a0suite \u00e0 de graves menaces et pressions dont ont \u00e9t\u00e9 l\u2019objet les propri\u00e9taires\u00a0\u00bb des terrains accueillant les f\u00eates, d\u00e9nonce le parti dans un message publi\u00e9 sur Facebook.<\/p>\n<p>\u00ab\u00a0Une id\u00e9ologie raciste, x\u00e9nophobe, supr\u00e9maciste\u00a0\u00bb<\/p>\n<p>Cette d\u00e9cision fait suite \u00e0 la r\u00e9action de la d\u00e9put\u00e9e insoumise d\u2019Ille-et-Vilaine Mathilde Hignet. <a href=\"https:\/\/www.ouest-france.fr\/bretagne\/treffendel-35380\/tribune-de-lideologie-raciste-une-deputee-lfi-denonce-une-fete-du-cochon-privee-en-bretagne-d464f862-8fd0-11f0-97e6-741179c952b9\" rel=\"nofollow noopener\" target=\"_blank\" class=\"c-link c-link--is-underlined\">Dans les colonnes de Ouest-France<\/a>, l\u2019\u00e9lue avait estim\u00e9 que cette f\u00eate n\u2019\u00e9tait \u00ab\u00a0pas un \u00e9v\u00e9nement festif et populaire\u00a0\u00bb mais \u00ab\u00a0une tribune pour faire la promotion de l\u2019id\u00e9ologie raciste, x\u00e9nophobe et supr\u00e9maciste.\u00a0\u00bb Mathilde Hignet avait d\u2019ailleurs appel\u00e9 le pr\u00e9fet d\u2019Ille-et-Vilaine \u00ab\u00a0\u00e0 prendre les mesures n\u00e9cessaires pour interdire le rassemblement\u00a0\u00bb.<\/p>\n<\/p>\n<p>Interrog\u00e9 par nos confr\u00e8res, l\u2019organisateur de la f\u00eate s\u2019\u00e9tait d\u00e9fendu en indiquant qu\u2019il s\u2019agissait simplement d\u2019une f\u00eate priv\u00e9e pour son 83e anniversaire \u00ab\u00a0avec une cinquantaine d\u2019amis\u00a0\u00bb. L\u2019anniversaire tombe donc \u00e0 l\u2019eau.<\/p>\n","protected":false},"excerpt":{"rendered":"Annonc\u00e9 sur les r\u00e9seaux sociaux, l\u2019\u00e9v\u00e9nement devait se tenir dimanche 21\u00a0septembre sur un terrain priv\u00e9 de la commune&hellip;\n","protected":false},"author":2,"featured_media":392458,"comment_status":"","ping_status":"","sticky":false,"template":"","format":"standard","meta":{"footnotes":""},"categories":[2],"tags":[47,11,829,13909,422,1076,4768,1011,27,848,1023,12,316,10162,584,25,30552],"class_list":{"0":"post-392457","1":"post","2":"type-post","3":"status-publish","4":"format-standard","5":"has-post-thumbnail","7":"category-actualites","8":"tag-actualite","9":"tag-actualites","10":"tag-bretagne","11":"tag-cochon","12":"tag-depute","13":"tag-extreme-droite","14":"tag-fete","15":"tag-fr","16":"tag-france","17":"tag-ille-et-vilaine","18":"tag-la-france-insoumise-lfi","19":"tag-news","20":"tag-politique","21":"tag-racisme","22":"tag-rennes","23":"tag-republique-francaise","24":"tag-xenophobie"},"share_on_mastodon":{"url":"https:\/\/pubeurope.com\/@fr\/115208088756914213","error":""},"_links":{"self":[{"href":"https:\/\/www.europesays.com\/fr\/wp-json\/wp\/v2\/posts\/392457","targetHints":{"allow":["GET"]}}],"collection":[{"href":"https:\/\/www.europesays.com\/fr\/wp-json\/wp\/v2\/posts"}],"about":[{"href":"https:\/\/www.europesays.com\/fr\/wp-json\/wp\/v2\/types\/post"}],"author":[{"embeddable":true,"href":"https:\/\/www.europesays.com\/fr\/wp-json\/wp\/v2\/users\/2"}],"replies":[{"embeddable":true,"href":"https:\/\/www.europesays.com\/fr\/wp-json\/wp\/v2\/comments?post=392457"}],"version-history":[{"count":0,"href":"https:\/\/www.europesays.com\/fr\/wp-json\/wp\/v2\/posts\/392457\/revisions"}],"wp:featuredmedia":[{"embeddable":true,"href":"https:\/\/www.europesays.com\/fr\/wp-json\/wp\/v2\/media\/392458"}],"wp:attachment":[{"href":"https:\/\/www.europesays.com\/fr\/wp-json\/wp\/v2\/media?parent=392457"}],"wp:term":[{"taxonomy":"category","embeddable":true,"href":"https:\/\/www.europesays.com\/fr\/wp-json\/wp\/v2\/categories?post=392457"},{"taxonomy":"post_tag","embeddable":true,"href":"https:\/\/www.europesays.com\/fr\/wp-json\/wp\/v2\/tags?post=392457"}],"curies":[{"name":"wp","href":"https:\/\/api.w.org\/{rel}","templated":true}]}}