{"id":392481,"date":"2025-09-15T11:44:13","date_gmt":"2025-09-15T11:44:13","guid":{"rendered":"https:\/\/www.europesays.com\/fr\/392481\/"},"modified":"2025-09-15T11:44:13","modified_gmt":"2025-09-15T11:44:13","slug":"panne-de-reveil-dans-telematin-pour-maya-lauque-damien-thevenot-la-charrie","status":"publish","type":"post","link":"https:\/\/www.europesays.com\/fr\/392481\/","title":{"rendered":"panne de r\u00e9veil dans \u00abT\u00e9l\u00e9matin\u00bb pour Maya Lauqu\u00e9, Damien Th\u00e9venot la charrie"},"content":{"rendered":"<p>    Damien Th\u00e9venot et Maya Lauqu\u00e9<br \/>\n                Capture d&rsquo;\u00e9cran<\/p>\n<p>C\u2019est le pire cauchemar des matinaliers, la panne de r\u00e9veil. La pr\u00e9sentatrice de \u00abT\u00e9l\u00e9matin\u00bb est pass\u00e9e par l\u00e0 ce lundi 15 septembre, et son bin\u00f4me n\u2019a pas manqu\u00e9 de le souligner.<\/p>\n<p class=\"fig-paragraph\">La musique de Queen Don\u2019t stop me now retentit, comme chaque matin \u00e0 6h30 sur France 2. Remplissages des verres d\u2019eau et retouches de derni\u00e8re minute&#8230; Le plateau de\u00a0<a href=\"http:\/\/tvmag.lefigaro.fr\/programme-tv\/actu-tele\/telematin-flavie-flament-et-julien-arnaud-ecartes-maya-lauque-et-damien-thevenot-pressentis-pour-les-remplacer-20250702\" target=\"_blank\" data-fig-type=\"NewsFlash\" rel=\"noopener\" data-gtm-custom-categorie=\"navigation\" data-gtm-custom-action=\"crossclick\" data-gtm-custom-label=\"Contextuel\" data-gtm-event=\"customEventSPE\" data-fig-domain=\"TVMAG\">\u00abT\u00e9l\u00e9matin\u00bb\u00a0<\/a>se d\u00e9voile aux t\u00e9l\u00e9spectateurs ce lundi 15 septembre. Et les deux pr\u00e9sentateurs, tout sourire, ne laissent pas pr\u00e9sager ce qu\u2019il suit.<\/p>\n<p class=\"fig-paragraph\">\u00abBon matin, ravi de d\u00e9buter cette semaine en votre compagnie\u00bb, lance\u00a0<a href=\"http:\/\/tvmag.lefigaro.fr\/programme-tv\/actu-tele\/vous-etes-le-premier-artiste-a-faire-ca-julien-dore-choque-damien-thevenot-avec-une-surprise-dans-telematin-20241130\" target=\"_blank\" data-fig-type=\"Article\" rel=\"noopener\" data-gtm-custom-categorie=\"navigation\" data-gtm-custom-action=\"crossclick\" data-gtm-custom-label=\"Contextuel\" data-gtm-event=\"customEventSPE\" data-fig-domain=\"TVMAG\">Damien Th\u00e9venot<\/a>\u00a0avant de saluer sa cons\u0153ur. \u00abLe r\u00e9veil, c\u2019\u00e9tait comment ce matin\u00a0?\u00bb, la questionne-t-il. Et il y a visiblement anguille sous roche au vu du visage de\u00a0<a href=\"http:\/\/tvmag.lefigaro.fr\/programme-tv\/actu-tele\/bisous-wesh-mon-frere-maya-lauque-fait-un-clin-d-oeil-a-arnaud-lauque-chroniqueur-d-agathe-lecaron-20250901\" target=\"_blank\" data-fig-type=\"Article\" rel=\"noopener\" data-gtm-custom-categorie=\"navigation\" data-gtm-custom-action=\"crossclick\" data-gtm-custom-label=\"Contextuel\" data-gtm-event=\"customEventSPE\" data-fig-domain=\"TVMAG\">Maya Lauqu\u00e9<\/a>. En ce lundi matin, la journaliste a v\u00e9cu le pire cauchemar de tous les matinaliers\u00a0: une panne de r\u00e9veil.<\/p>\n<p class=\"fig-body-link\">\n            \u00c0 lire aussi<br \/>\n        <a class=\"fig-body-link__link\" href=\"http:\/\/tvmag.lefigaro.fr\/programme-tv\/actu-tele\/telematin-concurrencee-par-bonjour-sur-tf1-la-matinale-de-france-2-va-etre-rallongee-20250813\" target=\"_blank\" data-fig-type=\"Article\" rel=\"noopener\" data-gtm-custom-categorie=\"navigation\" data-gtm-custom-action=\"crossclick\" data-gtm-custom-label=\"Contextuel\" data-gtm-event=\"customEventSPE\" data-fig-domain=\"TVMAG\">\u00abT\u00e9l\u00e9matin\u00bb\u00a0: concurrenc\u00e9e par \u00abBonjour\u00a0!\u00bb sur TF1, la matinale de France 2 va \u00eatre rallong\u00e9e<br \/>\n    <\/a>\n<\/p>\n<p>                                    <a class=\"fig-a11y-skip a11y-hidden\" href=\"#fig-a11y-skip-main-inarticle\"><br \/>\n        Passer la publicit\u00e9<br \/>\n    <\/a><\/p>\n<p class=\"fig-paragraph\">\u00abC\u2019\u00e9tait super\u00bb, r\u00e9torque-t-elle sur fond de second degr\u00e9 avant de pr\u00e9ciser aux chroniqueurs\u00a0: \u00abJe l\u2019ai rat\u00e9, je l\u2019ai rat\u00e9.\u00bb Un contretemps qui n\u2019a en rien impact\u00e9 sa pr\u00e9sence \u00e0 l\u2019antenne, m\u00eame si Damien Th\u00e9venot souligne avec plaisir l\u2019\u00e9v\u00e9nement pour taquiner sa coll\u00e8gue. \u00abEnfin, vous aviez une heure de d\u00e9calage&#8230; Ce n\u2019est pas grave\u00bb, s\u2019est-il moqu\u00e9. Une information qu\u2019il a largement amplifi\u00e9e, \u00e9tant donn\u00e9 que l\u2019int\u00e9ress\u00e9e n\u2019avait en r\u00e9alit\u00e9 que dix minutes de retard sur son heure de r\u00e9veil habituelle.<\/p>\n<p class=\"fig-paragraph\">Et comme l\u2019expression le dit si bien, \u00abqui aime bien ch\u00e2tie bien\u00bb, Damien Th\u00e9venot ne s\u2019est pas arr\u00eat\u00e9 l\u00e0. Apr\u00e8s avoir salu\u00e9 la brochette des quatre chroniqueurs pr\u00e9sents en plateau, il les a questionn\u00e9s\u00a0: \u00abVous \u00e9tiez l\u00e0 \u00e0 l\u2019heure vous\u00a0?\u00bb Aucune solidarit\u00e9 envers Maya Lauqu\u00e9, les diff\u00e9rents protagonistes ont tous r\u00e9pondu par l\u2019affirmative. \u00abM\u00eame en avance, \u00e7a vous arrivera aussi un jour Maya\u00bb, a ajout\u00e9 l\u2019un d\u2019entre eux sur le ton de l\u2019humour.<\/p>\n<p class=\"fig-paragraph\">Une remarque qui n\u2019a pas impressionn\u00e9 plus que de raison la pr\u00e9sentatrice. \u00abOh \u00e7a va\u00bb, a-t-elle pond\u00e9r\u00e9. Une br\u00e8che dans laquelle Damien Th\u00e9venot s\u2019est, une nouvelle fois, engouffr\u00e9 avec plaisir. \u00abM\u00eame en avance, c\u2019est vrai qu\u2019ils sont en avance sur leur temps. C\u2019est pour \u00e7a qu\u2019on les aime\u00bb, a d\u00e9clar\u00e9 le pr\u00e9sentateur \u00e0 l\u2019attention de son bin\u00f4me. Une fois cette divagation r\u00e9veil pass\u00e9e, l\u2019\u00e9mission matinale a pu commencer, \u00e0 l\u2019heure, en d\u00e9roulant le programme du jour.<\/p>\n","protected":false},"excerpt":{"rendered":"Damien Th\u00e9venot et Maya Lauqu\u00e9 Capture d&rsquo;\u00e9cran C\u2019est le pire cauchemar des matinaliers, la panne de r\u00e9veil. La&hellip;\n","protected":false},"author":2,"featured_media":392482,"comment_status":"","ping_status":"","sticky":false,"template":"","format":"standard","meta":{"footnotes":""},"categories":[1356],"tags":[58,59,1011,27,594,16512,252,1364],"class_list":{"0":"post-392481","1":"post","2":"type-post","3":"status-publish","4":"format-standard","5":"has-post-thumbnail","7":"category-television","8":"tag-divertissement","9":"tag-entertainment","10":"tag-fr","11":"tag-france","12":"tag-france-2","13":"tag-reveil","14":"tag-television","15":"tag-tv"},"share_on_mastodon":{"url":"https:\/\/pubeurope.com\/@fr\/115208143927358186","error":""},"_links":{"self":[{"href":"https:\/\/www.europesays.com\/fr\/wp-json\/wp\/v2\/posts\/392481","targetHints":{"allow":["GET"]}}],"collection":[{"href":"https:\/\/www.europesays.com\/fr\/wp-json\/wp\/v2\/posts"}],"about":[{"href":"https:\/\/www.europesays.com\/fr\/wp-json\/wp\/v2\/types\/post"}],"author":[{"embeddable":true,"href":"https:\/\/www.europesays.com\/fr\/wp-json\/wp\/v2\/users\/2"}],"replies":[{"embeddable":true,"href":"https:\/\/www.europesays.com\/fr\/wp-json\/wp\/v2\/comments?post=392481"}],"version-history":[{"count":0,"href":"https:\/\/www.europesays.com\/fr\/wp-json\/wp\/v2\/posts\/392481\/revisions"}],"wp:featuredmedia":[{"embeddable":true,"href":"https:\/\/www.europesays.com\/fr\/wp-json\/wp\/v2\/media\/392482"}],"wp:attachment":[{"href":"https:\/\/www.europesays.com\/fr\/wp-json\/wp\/v2\/media?parent=392481"}],"wp:term":[{"taxonomy":"category","embeddable":true,"href":"https:\/\/www.europesays.com\/fr\/wp-json\/wp\/v2\/categories?post=392481"},{"taxonomy":"post_tag","embeddable":true,"href":"https:\/\/www.europesays.com\/fr\/wp-json\/wp\/v2\/tags?post=392481"}],"curies":[{"name":"wp","href":"https:\/\/api.w.org\/{rel}","templated":true}]}}