{"id":392493,"date":"2025-09-15T11:50:12","date_gmt":"2025-09-15T11:50:12","guid":{"rendered":"https:\/\/www.europesays.com\/fr\/392493\/"},"modified":"2025-09-15T11:50:12","modified_gmt":"2025-09-15T11:50:12","slug":"une-particule-longtemps-jugee-negligeable","status":"publish","type":"post","link":"https:\/\/www.europesays.com\/fr\/392493\/","title":{"rendered":"une particule longtemps jug\u00e9e n\u00e9gligeable"},"content":{"rendered":"<blockquote class=\"wp-block-quote\">\n<p><strong>Des chercheurs am\u00e9ricains affirment avoir d\u00e9couvert un moyen de stabiliser les ordinateurs quantiques gr\u00e2ce \u00e0 une \u00e9trange particule th\u00e9orique : le \u00ab neglecton \u00bb. Voici comment cette trouvaille pourrait tout changer.<\/strong><\/p>\n<\/blockquote>\n<p><img fetchpriority=\"high\" decoding=\"async\" width=\"1024\" height=\"578\" src=\"https:\/\/www.europesays.com\/fr\/wp-content\/uploads\/2025\/09\/cle-ordinateur-quantique-decouverte-1024x578.webp.webp\" alt=\"Illustration d\u2019un processeur quantique brillant en bleu, symbole des avanc\u00e9es technologiques et du futur de l\u2019informatique.\" class=\"wp-image-990395\"  \/>Repr\u00e9sentation artistique d\u2019un processeur quantique. Gr\u00e2ce \u00e0 l\u2019exploitation des lois de la m\u00e9canique quantique, cette technologie promet une puissance de calcul in\u00e9gal\u00e9e, ouvrant la voie \u00e0 des avanc\u00e9es majeures dans la recherche et l\u2019innovation \u2013 DailyGeekShow.com<\/p>\n<p>Une particule th\u00e9orique pourrait \u00e9liminer les erreurs des ordinateurs quantiques<\/p>\n<p>Depuis des ann\u00e9es, les <strong>ordinateurs <a href=\"https:\/\/dailygeekshow.com\/materiau-ordinateurs-quantiques\/\" rel=\"nofollow noopener\" target=\"_blank\">quantiques<\/a><\/strong> nous font r\u00eaver. Ils promettent des <strong>calculs impossibles<\/strong> pour les machines classiques, des avanc\u00e9es majeures en cryptographie, en chimie, en intelligence artificielle\u2026 Mais il y a un <strong>gros probl\u00e8me<\/strong> : les <strong>qubits<\/strong>, ces unit\u00e9s de base du calcul quantique, sont <strong>ultra-sensibles<\/strong>.<\/p>\n<p>Un peu de chaleur, un champ magn\u00e9tique, une vibration minuscule\u2026 et <strong>paf<\/strong>, tout le syst\u00e8me s\u2019effondre. R\u00e9sultat : les <strong>erreurs s\u2019accumulent<\/strong>, les r\u00e9sultats deviennent instables, et l\u2019ordinateur quantique reste un <strong>colosse aux pieds d\u2019argile<\/strong>.<\/p>\n<p>Lire aussi <a href=\"https:\/\/dailygeekshow.com\/elon-musk-et-son-salaire-record-de-1-000-milliards-le-salaire-qui-affole-le-monde-qui-cache-une-realite-bien-plus-modeste-avec-un-plan-visionnaire-pour-tesla\/\" rel=\"nofollow noopener\" target=\"_blank\">Elon Musk et son salaire record de 1 000 milliards : le salaire qui affole le monde qui cache une r\u00e9alit\u00e9 bien plus modeste avec un plan visionnaire pour Tesla<\/a><\/p>\n<p>Mais voil\u00e0 qu\u2019une \u00e9quipe dirig\u00e9e par le physicien <strong>Aaron Lauda<\/strong> propose une solution radicale : une <strong>nouvelle particule th\u00e9orique<\/strong> baptis\u00e9e <strong>\u00ab neglecton \u00bb<\/strong>. Elle pourrait permettre de cr\u00e9er des qubits <strong>beaucoup plus robustes<\/strong>, r\u00e9sistants aux <strong>perturbations ext\u00e9rieures<\/strong>. De quoi ouvrir la voie \u00e0 des <strong>ordinateurs quantiques sans erreur<\/strong>.<\/p>\n<p>Un tressage de particules pour coder l\u2019information de mani\u00e8re ultra-stable<\/p>\n<p>Le <strong>neglecton<\/strong> appartiendrait \u00e0 une famille de particules exotiques : les <strong>anyons<\/strong>. Ces <strong>quasi-particules<\/strong> ont une propri\u00e9t\u00e9 fascinante : quand on les d\u00e9place les unes par rapport aux autres, leur configuration globale change, un peu comme une <strong>tresse de cheveux<\/strong> qui garde sa forme, m\u00eame si chaque m\u00e8che bouge.<\/p>\n<p>Ce principe, appel\u00e9 <strong>tressage topologique<\/strong>, permet de <strong>stocker l\u2019<a href=\"https:\/\/dailygeekshow.com\/cameras-intelligentes-et-ia-un-pari-technologique-pour-la-securite-des-francais-ou-un-risque-pour-les-libertes\/\" rel=\"nofollow noopener\" target=\"_blank\">information<\/a> quantique non plus dans une particule isol\u00e9e<\/strong>, mais dans l\u2019<strong>organisation globale<\/strong> de plusieurs anyons. Avantage ? Ce syst\u00e8me est <strong>beaucoup moins sensible aux perturbations locales<\/strong>.<\/p>\n<p>Lire aussi <a href=\"https:\/\/dailygeekshow.com\/projet-fou-delon-musk-un-tunnel-transatlantique-de-5-000-km-pour-relier-deux-continants-comme-jamais\/\" rel=\"nofollow noopener\" target=\"_blank\">Projet fou d\u2019Elon Musk : un tunnel transatlantique de 5 000 km pour relier deux continents comme jamais<\/a><\/p>\n<p>Probl\u00e8me : jusqu\u2019ici, les anyons ne permettaient pas de r\u00e9aliser <strong>toutes les op\u00e9rations logiques<\/strong> n\u00e9cessaires \u00e0 un ordinateur fonctionnel. C\u2019est comme si vous aviez une <strong>super calculette\u2026 qui ne savait faire que des multiplications par deux<\/strong>. C\u2019est l\u00e0 que le <strong>neglecton<\/strong> change la donne.<\/p>\n<p>Le neglecton redonne vie \u00e0 une piste scientifique longtemps abandonn\u00e9e<\/p>\n<p>Pourquoi ce nom \u00e9trange, <strong>\u00ab neglecton \u00bb<\/strong> ? Parce qu\u2019il repose sur des \u00e9l\u00e9ments <strong>jusqu\u2019ici consid\u00e9r\u00e9s comme n\u00e9gligeables<\/strong>. Des morceaux d\u2019\u00e9quations absurdes, avec des <strong>probabilit\u00e9s qui d\u00e9passent 1 ou tombent sous 0<\/strong>. Bref, des choses que la communaut\u00e9 scientifique avait mises de c\u00f4t\u00e9.<\/p>\n<p>Mais l\u2019\u00e9quipe d\u2019<strong>Aaron Lauda<\/strong> a r\u00e9ussi \u00e0 <strong>donner un sens physique \u00e0 ces anomalies<\/strong>. Un peu comme ce qu\u2019a fait <strong>Schr\u00f6dinger<\/strong> avec les <strong>nombres imaginaires<\/strong> en physique quantique. Ce qui relevait autrefois du <strong>pur d\u00e9lire math\u00e9matique<\/strong> pourrait, en r\u00e9alit\u00e9, <strong>avoir un ancrage dans la mati\u00e8re<\/strong>.<\/p>\n<p>Lire aussi <a href=\"https:\/\/dailygeekshow.com\/apres-400-ans-dhorlogerie-mecanique-une-invention-francaise-veut-revolutionner-lhorlogerie-suisse-la-montre-a-aiguilles-sans-engrenage\/\" rel=\"nofollow noopener\" target=\"_blank\">Apr\u00e8s 400 ans d\u2019horlogerie m\u00e9canique, une invention fran\u00e7aise veut r\u00e9volutionner l\u2019horlogerie suisse : la montre \u00e0 aiguilles sans engrenage<\/a><\/p>\n<p>Le <strong>neglecton<\/strong> n\u2019a pas encore \u00e9t\u00e9 observ\u00e9 en laboratoire, c\u2019est une <strong><a href=\"https:\/\/dailygeekshow.com\/collision-de-particules-a-haute-energie-un-detecteur-capte-un-evenement-que-personne-narrive-a-interpreter\/\" rel=\"nofollow noopener\" target=\"_blank\">particule<\/a> th\u00e9orique<\/strong>. Mais dans l\u2019histoire de la science, ce ne serait pas la premi\u00e8re fois qu\u2019une particule est pr\u00e9dite <strong>des ann\u00e9es avant d\u2019\u00eatre d\u00e9couverte<\/strong>. Il suffit de se souvenir du <strong>boson de Higgs<\/strong>.<\/p>\n<p>Une piste prometteuse pour construire enfin des ordinateurs quantiques universels<\/p>\n<p>Si le <strong>neglecton<\/strong> tient ses promesses, il pourrait permettre de cr\u00e9er <strong>un ordinateur quantique topologique universel<\/strong> : <strong>stable<\/strong>, <strong>programmable<\/strong>, capable de <strong>r\u00e9sister aux erreurs<\/strong> et d\u2019effectuer <strong>n\u2019importe quel calcul<\/strong>. Un <strong>Graal<\/strong> que toutes les grandes entreprises du secteur (<strong>Microsoft, <a href=\"https:\/\/dailygeekshow.com\/la-guerre-entre-geants-de-lia-prend-une-tournure-explosive-une-offre-astronomique-vise-chrome-joyau-du-web-de-google\/\" rel=\"nofollow noopener\" target=\"_blank\">Google<\/a>, IBM<\/strong>) poursuivent depuis des ann\u00e9es.<\/p>\n<p>Bien s\u00fbr, <strong>on en est encore loin<\/strong>. Il faudra prouver l\u2019<strong>existence du neglecton<\/strong>, comprendre comment le <strong>manipuler<\/strong>, l\u2019<strong>int\u00e9grer<\/strong> dans une architecture concr\u00e8te. Mais cette approche ouvre une <strong>nouvelle voie<\/strong> l\u00e0 o\u00f9 beaucoup pensaient que le chemin \u00e9tait bloqu\u00e9.<\/p>\n<p>Lire aussi <a href=\"https:\/\/dailygeekshow.com\/test-boya-magic-vs-boya-mini\/\" rel=\"nofollow noopener\" target=\"_blank\">Test BOYA Magic vs BOYA Mini : microphones sans fil ultra-pratiques pour cr\u00e9ateurs<\/a><\/p>\n<p>Et si, une fois encore, c\u2019\u00e9taient les <strong>d\u00e9tails qu\u2019on croyait sans importance<\/strong> qui renfermaient les cl\u00e9s des <strong>plus grandes r\u00e9volutions<\/strong> ?<\/p>\n","protected":false},"excerpt":{"rendered":"Des chercheurs am\u00e9ricains affirment avoir d\u00e9couvert un moyen de stabiliser les ordinateurs quantiques gr\u00e2ce \u00e0 une \u00e9trange particule&hellip;\n","protected":false},"author":2,"featured_media":392494,"comment_status":"","ping_status":"","sticky":false,"template":"","format":"standard","meta":{"footnotes":""},"categories":[7],"tags":[1011,27,43,40,41,39,42,44],"class_list":{"0":"post-392493","1":"post","2":"type-post","3":"status-publish","4":"format-standard","5":"has-post-thumbnail","7":"category-sciences-et-technologies","8":"tag-fr","9":"tag-france","10":"tag-science","11":"tag-science-and-technology","12":"tag-sciences","13":"tag-sciences-et-technologies","14":"tag-technologies","15":"tag-technology"},"share_on_mastodon":{"url":"https:\/\/pubeurope.com\/@fr\/115208167461275788","error":""},"_links":{"self":[{"href":"https:\/\/www.europesays.com\/fr\/wp-json\/wp\/v2\/posts\/392493","targetHints":{"allow":["GET"]}}],"collection":[{"href":"https:\/\/www.europesays.com\/fr\/wp-json\/wp\/v2\/posts"}],"about":[{"href":"https:\/\/www.europesays.com\/fr\/wp-json\/wp\/v2\/types\/post"}],"author":[{"embeddable":true,"href":"https:\/\/www.europesays.com\/fr\/wp-json\/wp\/v2\/users\/2"}],"replies":[{"embeddable":true,"href":"https:\/\/www.europesays.com\/fr\/wp-json\/wp\/v2\/comments?post=392493"}],"version-history":[{"count":0,"href":"https:\/\/www.europesays.com\/fr\/wp-json\/wp\/v2\/posts\/392493\/revisions"}],"wp:featuredmedia":[{"embeddable":true,"href":"https:\/\/www.europesays.com\/fr\/wp-json\/wp\/v2\/media\/392494"}],"wp:attachment":[{"href":"https:\/\/www.europesays.com\/fr\/wp-json\/wp\/v2\/media?parent=392493"}],"wp:term":[{"taxonomy":"category","embeddable":true,"href":"https:\/\/www.europesays.com\/fr\/wp-json\/wp\/v2\/categories?post=392493"},{"taxonomy":"post_tag","embeddable":true,"href":"https:\/\/www.europesays.com\/fr\/wp-json\/wp\/v2\/tags?post=392493"}],"curies":[{"name":"wp","href":"https:\/\/api.w.org\/{rel}","templated":true}]}}