{"id":392495,"date":"2025-09-15T11:51:12","date_gmt":"2025-09-15T11:51:12","guid":{"rendered":"https:\/\/www.europesays.com\/fr\/392495\/"},"modified":"2025-09-15T11:51:12","modified_gmt":"2025-09-15T11:51:12","slug":"worldline-nomme-un-nouveau-directeur-financier-pour-appuyer-son-redressement-15-09-2025-a-1313","status":"publish","type":"post","link":"https:\/\/www.europesays.com\/fr\/392495\/","title":{"rendered":"Worldline nomme un nouveau directeur financier pour appuyer son redressement &#8211; 15\/09\/2025 \u00e0 13:13"},"content":{"rendered":"<p>        <img fetchpriority=\"high\" decoding=\"async\" src=\"https:\/\/www.europesays.com\/fr\/wp-content\/uploads\/2025\/09\/e50eb882e31bb81b35534c9effd74ef0-760x507.jpg\" alt=\"Logo de Worldline au si\u00e8ge de l'entreprise dans le quartier financier et d'affaires de La D\u00e9fense\" loading=\"eager\" width=\"760\" height=\"507\" style=\"max-width: 100%!important; height: auto;\"\/><\/p>\n<p class=\"c-image-news__legend\">Logo de Worldline au si\u00e8ge de l&rsquo;entreprise dans le quartier financier et d&rsquo;affaires de La D\u00e9fense<\/p>\n<p>\n (Reuters) -Worldline a annonc\u00e9 lundi avoir nomm\u00e9 un nouveau directeur financier, Srikanth Seshandri, une nouvelle \u00e9tape du remaniement de la direction du groupe de paiements en ligne, un an apr\u00e8s le renvoi de son directeur g\u00e9n\u00e9ral Gilles Grapinet.\n<\/p>\n<p>\n La nomination de Srikanth Seshandri, qui prend \u00e9galement un si\u00e8ge de membre du comit\u00e9 ex\u00e9cutif, est effective depuis le 8 septembre, selon un communiqu\u00e9 de Worldline.\n<\/p>\n<p>\n Pr\u00e9c\u00e9demment directeur du Tr\u00e9sor et du financement chez Alstom, il succ\u00e8de \u00e0 Gr\u00e9gory Lambertie, \u00ab\u00a0qui a choisi de poursuivre de nouvelles opportunit\u00e9s professionnelles\u00a0\u00bb, selon le communiqu\u00e9.\n<\/p>\n<p>\n \u00ab\u00a0Son exp\u00e9rience internationale \u00e9tendue ainsi que son expertise dans la gestion d\u2019environnements financiers complexes constituent des atouts importants pour accompagner la transformation continue de Worldline\u00a0\u00bb, d\u00e9clare le directeur g\u00e9n\u00e9ral Pierre-Antoine Vacheron dans le communiqu\u00e9.\n<\/p>\n<p>\n Pierre-Antoine Vacheron, qui a rejoint Worldline et pris sa direction en f\u00e9vrier, a pour priorit\u00e9 de \u00ab\u00a0(transformer) la performance\u00a0\u00bb \u00e0 la suite du d\u00e9part en septembre 2024 de Gilles Grapinet, apr\u00e8s 11 ans \u00e0 la t\u00eate du groupe fran\u00e7ais.\n<\/p>\n<p>\n Le nouveau directeur g\u00e9n\u00e9ral a d\u00e9j\u00e0 d\u00fb faire face, en juin, \u00e0 la publication d&rsquo;une enqu\u00eate journalistique internationale sur les activit\u00e9s de Worldline aupr\u00e8s des acteurs \u00e0 haut risque (HBR), intitul\u00e9e \u00ab\u00a0Dirty Payments\u00a0\u00bb, suivie par l&rsquo;ouverture d&rsquo;une enqu\u00eate sur sa filiale belge.\n<\/p>\n<p>\n Worldline avait annonc\u00e9 en juillet avoir mandat\u00e9 le cabinet de conseil financier Accuracy pour auditer son portefeuille de clients \u00e0 haut risque.\n<\/p>\n<p>\n En ao\u00fbt dernier, prenant acte de la d\u00e9cision de S&amp;P Global Ratings de d\u00e9grader la notation de cr\u00e9dit du groupe, Worldline avait d\u00e9clar\u00e9 \u00ab\u00a0(confirmer) sa volont\u00e9 continue de se concentrer sur sa discipline financi\u00e8re\u00a0\u00bb.\n<\/p>\n<p>\n A la Bourse de Paris, vers 08h10 GMT, l&rsquo;action grimpe de pr\u00e8s de 6% \u00e0 2,85 euros.\n<\/p>\n<p>\n (R\u00e9dig\u00e9 par Coralie Lamarque et Augustin Turpin, \u00e9dit\u00e9 par Blandine H\u00e9nault)<\/p>\n","protected":false},"excerpt":{"rendered":"Logo de Worldline au si\u00e8ge de l&rsquo;entreprise dans le quartier financier et d&rsquo;affaires de La D\u00e9fense (Reuters) -Worldline&hellip;\n","protected":false},"author":2,"featured_media":392496,"comment_status":"","ping_status":"","sticky":false,"template":"","format":"standard","meta":{"footnotes":""},"categories":[6],"tags":[400,398,408,35,405,33,34,1011,27,403,402,399,404,401,406,407],"class_list":{"0":"post-392495","1":"post","2":"type-post","3":"status-publish","4":"format-standard","5":"has-post-thumbnail","7":"category-economie","8":"tag-action-cac-40","9":"tag-bourse-de-paris","10":"tag-boursorama","11":"tag-business","12":"tag-cotations","13":"tag-economie","14":"tag-economy","15":"tag-fr","16":"tag-france","17":"tag-indices-devises","18":"tag-investir","19":"tag-investissement","20":"tag-marche-boursier","21":"tag-sicav","22":"tag-trackers","23":"tag-warrants"},"share_on_mastodon":{"url":"https:\/\/pubeurope.com\/@fr\/115208171403851423","error":""},"_links":{"self":[{"href":"https:\/\/www.europesays.com\/fr\/wp-json\/wp\/v2\/posts\/392495","targetHints":{"allow":["GET"]}}],"collection":[{"href":"https:\/\/www.europesays.com\/fr\/wp-json\/wp\/v2\/posts"}],"about":[{"href":"https:\/\/www.europesays.com\/fr\/wp-json\/wp\/v2\/types\/post"}],"author":[{"embeddable":true,"href":"https:\/\/www.europesays.com\/fr\/wp-json\/wp\/v2\/users\/2"}],"replies":[{"embeddable":true,"href":"https:\/\/www.europesays.com\/fr\/wp-json\/wp\/v2\/comments?post=392495"}],"version-history":[{"count":0,"href":"https:\/\/www.europesays.com\/fr\/wp-json\/wp\/v2\/posts\/392495\/revisions"}],"wp:featuredmedia":[{"embeddable":true,"href":"https:\/\/www.europesays.com\/fr\/wp-json\/wp\/v2\/media\/392496"}],"wp:attachment":[{"href":"https:\/\/www.europesays.com\/fr\/wp-json\/wp\/v2\/media?parent=392495"}],"wp:term":[{"taxonomy":"category","embeddable":true,"href":"https:\/\/www.europesays.com\/fr\/wp-json\/wp\/v2\/categories?post=392495"},{"taxonomy":"post_tag","embeddable":true,"href":"https:\/\/www.europesays.com\/fr\/wp-json\/wp\/v2\/tags?post=392495"}],"curies":[{"name":"wp","href":"https:\/\/api.w.org\/{rel}","templated":true}]}}