{"id":392501,"date":"2025-09-15T11:54:13","date_gmt":"2025-09-15T11:54:13","guid":{"rendered":"https:\/\/www.europesays.com\/fr\/392501\/"},"modified":"2025-09-15T11:54:13","modified_gmt":"2025-09-15T11:54:13","slug":"un-francais-dans-lenfer-des-geoles-chinoises-liberation","status":"publish","type":"post","link":"https:\/\/www.europesays.com\/fr\/392501\/","title":{"rendered":"un Fran\u00e7ais dans l\u2019enfer des ge\u00f4les chinoises \u2013 Lib\u00e9ration"},"content":{"rendered":"<p class=\"sc-cPiKLX AiZTS text-element\">Son corps tout entier porte encore les stigmates de nombreuses blessures non soign\u00e9es. Une fracture du nez, qui le fait moucher du sang chaque matin. Une autre de la main droite, qui provoque des craquements \u00e0 chaque mouvement du poignet. D\u2019autres encore au niveau de la m\u00e2choire, responsables de la perte de cinq dents. R\u00e9mi (1), 48 ans, qui pr\u00e9f\u00e8re conserver l\u2019anonymat par crainte des repr\u00e9sailles, souffre aussi d\u2019une \u00e9paule longtemps d\u00e9bo\u00eet\u00e9e, d\u2019une double hernie inguinale, de violentes douleurs articulaires et lombaires, de troubles digestifs et ophtalmologiques. Et surtout d\u2019un tr\u00e8s lourd stress post-traumatique li\u00e9 aux actes de torture et de barbarie qu\u2019il a subis en Chine, o\u00f9 il a \u00e9t\u00e9 d\u00e9tenu deux ans et quatre mois dans des conditions terrifiantes. Condamn\u00e9 \u00e0 la r\u00e9clusion criminelle \u00e0 perp\u00e9tuit\u00e9 pour trafic de drogue \u00e0 l\u2019issue d\u2019un simulacre de proc\u00e8s, il a finalement \u00e9t\u00e9 acquitt\u00e9 avant d\u2019\u00eatre somm\u00e9 de quitter le pays, d\u00e9pouill\u00e9 de tous ses biens.<\/p>\n<p class=\"sc-cPiKLX AiZTS text-element\">La premi\u00e8re fois que R\u00e9mi d\u00e9barque \u00e0 l\u2019h\u00f4pital de la Piti\u00e9-Salp\u00eatri\u00e8re, \u00e0 Paris, en mars 2022, le m\u00e9decin des urgences constate ses multiples traumatismes corporels et psychologiques. Depuis, le Fran\u00e7ais a subi de nombreuses op\u00e9rations chirurgicales et encha\u00eene les hospitalisations. En mars 2025, une expertise judiciaire confirme que la plupart de ses sympt\u00f4mes sont directement \u00abimputables\u00bb \u00e0 ses conditions de d\u00e9tention. Dans son rapport d\u2019une quarantaine de pages, que Lib\u00e9ration a pu consulter, l\u2019expert met en av <\/p>\n","protected":false},"excerpt":{"rendered":"Son corps tout entier porte encore les stigmates de nombreuses blessures non soign\u00e9es. Une fracture du nez, qui&hellip;\n","protected":false},"author":2,"featured_media":392502,"comment_status":"","ping_status":"","sticky":false,"template":"","format":"standard","meta":{"footnotes":""},"categories":[2],"tags":[11,309,1011,27,12],"class_list":{"0":"post-392501","1":"post","2":"type-post","3":"status-publish","4":"format-standard","5":"has-post-thumbnail","7":"category-actualites","8":"tag-actualites","9":"tag-chine","10":"tag-fr","11":"tag-france","12":"tag-news"},"share_on_mastodon":{"url":"https:\/\/pubeurope.com\/@fr\/115208183098552879","error":""},"_links":{"self":[{"href":"https:\/\/www.europesays.com\/fr\/wp-json\/wp\/v2\/posts\/392501","targetHints":{"allow":["GET"]}}],"collection":[{"href":"https:\/\/www.europesays.com\/fr\/wp-json\/wp\/v2\/posts"}],"about":[{"href":"https:\/\/www.europesays.com\/fr\/wp-json\/wp\/v2\/types\/post"}],"author":[{"embeddable":true,"href":"https:\/\/www.europesays.com\/fr\/wp-json\/wp\/v2\/users\/2"}],"replies":[{"embeddable":true,"href":"https:\/\/www.europesays.com\/fr\/wp-json\/wp\/v2\/comments?post=392501"}],"version-history":[{"count":0,"href":"https:\/\/www.europesays.com\/fr\/wp-json\/wp\/v2\/posts\/392501\/revisions"}],"wp:featuredmedia":[{"embeddable":true,"href":"https:\/\/www.europesays.com\/fr\/wp-json\/wp\/v2\/media\/392502"}],"wp:attachment":[{"href":"https:\/\/www.europesays.com\/fr\/wp-json\/wp\/v2\/media?parent=392501"}],"wp:term":[{"taxonomy":"category","embeddable":true,"href":"https:\/\/www.europesays.com\/fr\/wp-json\/wp\/v2\/categories?post=392501"},{"taxonomy":"post_tag","embeddable":true,"href":"https:\/\/www.europesays.com\/fr\/wp-json\/wp\/v2\/tags?post=392501"}],"curies":[{"name":"wp","href":"https:\/\/api.w.org\/{rel}","templated":true}]}}