{"id":392509,"date":"2025-09-15T11:58:30","date_gmt":"2025-09-15T11:58:30","guid":{"rendered":"https:\/\/www.europesays.com\/fr\/392509\/"},"modified":"2025-09-15T11:58:30","modified_gmt":"2025-09-15T11:58:30","slug":"un-vendeur-de-faux-arrets-de-travail-condamne-a-de-la-prison-ferme-2","status":"publish","type":"post","link":"https:\/\/www.europesays.com\/fr\/392509\/","title":{"rendered":"Un vendeur de faux arr\u00eats de travail condamn\u00e9 \u00e0 de la prison ferme"},"content":{"rendered":"<p>Le pr\u00e9judice estim\u00e9 pour la <a href=\"https:\/\/www.20minutes.fr\/dossier\/cpam\" class=\"c-link c-link--is-underlined\" target=\"_blank\" rel=\"noopener\">Caisse primaire d\u2019assurance maladie<\/a> de <a href=\"https:\/\/www.20minutes.fr\/dossier\/meurthe-et-moselle\" class=\"c-link c-link--is-underlined\" target=\"_blank\" rel=\"noopener\">Meurthe-et-Moselle<\/a> \u00e9tait estim\u00e9 \u00e0 231.000 euros. Une \u00e9norme somme correspondant \u00e0 de nombreux, des centaines, <a href=\"https:\/\/www.20minutes.fr\/faits_divers\/faits-divers-toulouse\/4172469-20250911-pyrenees-atlantiques-homme-arrete-apres-avoir-vendu-300-faux-arrets-travail\" class=\"c-link c-link--is-underlined\" target=\"_blank\" rel=\"noopener\">de faux arr\u00eats de travail d\u00e9livr\u00e9s par un malfaiteur<\/a>.<\/p>\n<p>Pour avoir mont\u00e9 ce trafic qui lui a rapport\u00e9 162.440 euros, un homme r\u00e9sident \u00e0 <a href=\"https:\/\/www.20minutes.fr\/dossier\/cannes\" class=\"c-link c-link--is-underlined\" target=\"_blank\" rel=\"noopener\">Cannes<\/a> a \u00e9t\u00e9 condamn\u00e9 la semaine derni\u00e8re \u00e0 <a href=\"https:\/\/www.20minutes.fr\/dossier\/nancy\" class=\"c-link c-link--is-underlined\" target=\"_blank\" rel=\"noopener\">Nancy<\/a>. Il a \u00e9cop\u00e9 de dix-huit mois ferme d\u2019emprisonnement et de 20.000 euros d\u2019amende, rapporte <a href=\"https:\/\/c.estrepublicain.fr\/faits-divers-justice\/2025\/09\/14\/prison-ferme-pour-les-vendeurs-de-faux-arrets-de-travail\" target=\"_blank\" class=\"c-link c-link--is-underlined\" rel=\"noopener\">L\u2019Est R\u00e9publicain<\/a>. A l\u2019origine, il avait r\u00e9cup\u00e9r\u00e9 un arr\u00eat de travail num\u00e9rique sur Doctolib et changeait ensuite le nom du patient, contre r\u00e9mun\u00e9ration. Le tout via des \u00e9changes sur <a href=\"https:\/\/www.20minutes.fr\/dossier\/snapchat\" class=\"c-link c-link--is-underlined\" target=\"_blank\" rel=\"noopener\">Snapchat<\/a>.<\/p>\n<\/p>\n<p>Sa compagne, qui avait b\u00e9n\u00e9fici\u00e9 de 42 arr\u00eats de travail, a \u00e9t\u00e9 condamn\u00e9e \u00e0 dix-huit mois avec sursis ainsi que 5.000 euros d\u2019amende. Deux autres complices ont aussi eu droit \u00e0 des peines de vingt-quatre mois de prison, dont douze ferme, et 8.000 euros d\u2019amende.<\/p>\n","protected":false},"excerpt":{"rendered":"Le pr\u00e9judice estim\u00e9 pour la Caisse primaire d\u2019assurance maladie de Meurthe-et-Moselle \u00e9tait estim\u00e9 \u00e0 231.000 euros. Une \u00e9norme&hellip;\n","protected":false},"author":2,"featured_media":392510,"comment_status":"","ping_status":"","sticky":false,"template":"","format":"standard","meta":{"footnotes":""},"categories":[9635],"tags":[1111,47,11,2898,3514,30829,7306,13431,38066,3513,1777,674,1011,27,775,303,776,3457,1702,12,883,882,25],"class_list":{"0":"post-392509","1":"post","2":"type-post","3":"status-publish","4":"format-standard","5":"has-post-thumbnail","7":"category-nancy","8":"tag-actu","9":"tag-actualite","10":"tag-actualites","11":"tag-alpes-maritimes","12":"tag-arnaque","13":"tag-arret-maladie","14":"tag-cannes","15":"tag-cpam","16":"tag-doctolib","17":"tag-escroquerie","18":"tag-eu","19":"tag-europe","20":"tag-fr","21":"tag-france","22":"tag-grand-est","23":"tag-justice","24":"tag-lorraine","25":"tag-meurthe-et-moselle","26":"tag-nancy","27":"tag-news","28":"tag-paca","29":"tag-provence-alpes-cote-dazur","30":"tag-republique-francaise"},"share_on_mastodon":{"url":"https:\/\/pubeurope.com\/@fr\/115208198840408662","error":""},"_links":{"self":[{"href":"https:\/\/www.europesays.com\/fr\/wp-json\/wp\/v2\/posts\/392509","targetHints":{"allow":["GET"]}}],"collection":[{"href":"https:\/\/www.europesays.com\/fr\/wp-json\/wp\/v2\/posts"}],"about":[{"href":"https:\/\/www.europesays.com\/fr\/wp-json\/wp\/v2\/types\/post"}],"author":[{"embeddable":true,"href":"https:\/\/www.europesays.com\/fr\/wp-json\/wp\/v2\/users\/2"}],"replies":[{"embeddable":true,"href":"https:\/\/www.europesays.com\/fr\/wp-json\/wp\/v2\/comments?post=392509"}],"version-history":[{"count":0,"href":"https:\/\/www.europesays.com\/fr\/wp-json\/wp\/v2\/posts\/392509\/revisions"}],"wp:featuredmedia":[{"embeddable":true,"href":"https:\/\/www.europesays.com\/fr\/wp-json\/wp\/v2\/media\/392510"}],"wp:attachment":[{"href":"https:\/\/www.europesays.com\/fr\/wp-json\/wp\/v2\/media?parent=392509"}],"wp:term":[{"taxonomy":"category","embeddable":true,"href":"https:\/\/www.europesays.com\/fr\/wp-json\/wp\/v2\/categories?post=392509"},{"taxonomy":"post_tag","embeddable":true,"href":"https:\/\/www.europesays.com\/fr\/wp-json\/wp\/v2\/tags?post=392509"}],"curies":[{"name":"wp","href":"https:\/\/api.w.org\/{rel}","templated":true}]}}