{"id":392515,"date":"2025-09-15T12:01:18","date_gmt":"2025-09-15T12:01:18","guid":{"rendered":"https:\/\/www.europesays.com\/fr\/392515\/"},"modified":"2025-09-15T12:01:18","modified_gmt":"2025-09-15T12:01:18","slug":"la-video-de-lincendie-qui-a-detruit-deux-voitures-dans-la-nuit-a-carnon-plage","status":"publish","type":"post","link":"https:\/\/www.europesays.com\/fr\/392515\/","title":{"rendered":"la vid\u00e9o de l&rsquo;incendie qui a d\u00e9truit deux voitures dans la nuit \u00e0 Carnon-Plage"},"content":{"rendered":"<p>            Par<br \/>\n        <strong><br \/>\n            <a href=\"https:\/\/actu.fr\/auteur\/metropoop\" title=\"Consulter tous les articles de R\u00e9daction M\u00e9tropolitain\" rel=\"nofollow noopener\" target=\"_blank\">R\u00e9daction M\u00e9tropolitain<\/a><br \/>\n        <\/strong><\/p>\n<p>        Publi\u00e9 le<\/p>\n<p>            15 sept. 2025 \u00e0 13h29<br \/>\n        ; mis \u00e0 jour le 15 sept. 2025 \u00e0 13h44    <\/p>\n<p>Deux voitures stationn\u00e9es \u00e0 cot\u00e9 ont enti\u00e8rement br\u00fbl\u00e9, en cette nuit de dimanche 14 \u00e0 ce lundi 15 septembre 2025, entre des immeubles de <strong>Carnon-Plage<\/strong>, la station baln\u00e9aire de <strong>Mauguio<\/strong>.<\/p>\n<p class=\" wall-content\">\n<p class=\" wall-content\">L\u2019alerte a \u00e9t\u00e9 donn\u00e9e au <strong>Sdis 34<\/strong>\u00a0\u00e0 3h30, en signalant que des flammes et une \u00e9paisse fum\u00e9e toxique s\u2019\u00e9levaient sur un parking, dans la rue du Grau. Les sapeurs-pompiers ont \u00e9t\u00e9 sur place rapidement et ont ainsi \u00e9vit\u00e9 toiture propagation \u00e0 d\u2019autres v\u00e9hicules mitoyens et \u00e0 toutes les haies limitant les emplacements des parkings.<\/p>\n<p>    <a href=\"https:\/\/www.google.com\/maps\/embed?pb=!1m18!1m12!1m3!1d5567.377890313174!2d3.9700161945869827!3d43.546949805408104!2m3!1f0!2f0!3f0!3m2!1i1024!2i768!4f13.1!3m3!1m2!1s0x12b6bb697709b2fb%3A0x77ce7c62fe2b0b74!2sRue%20du%20Grau%2C%2034130%20Mauguio!5e0!3m2!1sfr!2sfr!4v1757935502535!5m2!1sfr!2sfr\" title=\"Ouvrie le lien\" rel=\"nofollow noopener\" target=\"_blank\">Cliquez ici pour visualiser le contenu<\/a><\/p>\n<p class=\" wall-content\">\u00ab\u00a0J\u2019ai \u00e9t\u00e9 r\u00e9veill\u00e9e en sursaut \u00e0 3h55, j\u2019ai entendu des d\u00e9flagrations, comme si c\u2019\u00e9tait de grosses explosions, de ma fen\u00eatre, j\u2019ai vu de grandes flammes et les pompiers qui s\u2019activaient d\u00e9j\u00e0 avec une lance \u00e0 eau. Les explosions entendues provenaient en fait les pneus et le r\u00e9servoir de carburant sous l\u2019effet de l\u2019extr\u00eame chaleur d\u00e9gag\u00e9e par l\u2019incendie\u00a0\u00bb, t\u00e9moigne une jeune locataire qui r\u00e9side dans les \u00e9tages d\u2019une des r\u00e9sidences proches du port de plaisance de Carnon : \u00ab\u00a0J\u2019ai v\u00e9cu une fin de nuit agit\u00e9e, je n\u2019ai plus pu refermer l\u2019oeil\u00a0\u00bb.<\/p>\n<p class=\" wall-content\">Les <strong>gendarmes<\/strong> de la compagnie de Lunel qui \u00e9taient sur place dans la nuit sont charg\u00e9s de l\u2019enqu\u00eate pour \u00e9tablir la cause de cet incendie, accidentelle ou criminelle. L\u2019un des v\u00e9hicules est \u00e9clectique, selon nos informations.<\/p>\n<p class=\" wall-content\">Personnalisez votre actualit\u00e9 en ajoutant vos villes et m\u00e9dias en favori avec <a href=\"https:\/\/moncompte.actu.fr\" title=\"D\u00e9couvez Mon Actu\" rel=\"nofollow noopener\" data-trk=\"{&quot;cta&quot;:{&quot;action&quot;:&quot;https:\\\/\\\/moncompte.actu.fr&quot;,&quot;category&quot;:&quot;mon compte&quot;,&quot;from&quot;:&quot;article footer&quot;,&quot;name&quot;:&quot;Mon actu&quot;,&quot;type&quot;:&quot;cta&quot;}}\" target=\"_blank\">Mon Actu<\/a>.<\/p>\n","protected":false},"excerpt":{"rendered":"Par R\u00e9daction M\u00e9tropolitain Publi\u00e9 le 15 sept. 2025 \u00e0 13h29 ; mis \u00e0 jour le 15 sept. 2025&hellip;\n","protected":false},"author":2,"featured_media":392516,"comment_status":"","ping_status":"","sticky":false,"template":"","format":"standard","meta":{"footnotes":""},"categories":[9599],"tags":[1111,11,1777,674,118,1011,27,3381,1310,2208,12,2680,1311,25],"class_list":{"0":"post-392515","1":"post","2":"type-post","3":"status-publish","4":"format-standard","5":"has-post-thumbnail","7":"category-montpellier","8":"tag-actu","9":"tag-actualites","10":"tag-eu","11":"tag-europe","12":"tag-faits-divers","13":"tag-fr","14":"tag-france","15":"tag-gendarmerie","16":"tag-incendie","17":"tag-montpellier","18":"tag-news","19":"tag-occitanie","20":"tag-pompiers","21":"tag-republique-francaise"},"share_on_mastodon":{"url":"https:\/\/pubeurope.com\/@fr\/115208210640955896","error":""},"_links":{"self":[{"href":"https:\/\/www.europesays.com\/fr\/wp-json\/wp\/v2\/posts\/392515","targetHints":{"allow":["GET"]}}],"collection":[{"href":"https:\/\/www.europesays.com\/fr\/wp-json\/wp\/v2\/posts"}],"about":[{"href":"https:\/\/www.europesays.com\/fr\/wp-json\/wp\/v2\/types\/post"}],"author":[{"embeddable":true,"href":"https:\/\/www.europesays.com\/fr\/wp-json\/wp\/v2\/users\/2"}],"replies":[{"embeddable":true,"href":"https:\/\/www.europesays.com\/fr\/wp-json\/wp\/v2\/comments?post=392515"}],"version-history":[{"count":0,"href":"https:\/\/www.europesays.com\/fr\/wp-json\/wp\/v2\/posts\/392515\/revisions"}],"wp:featuredmedia":[{"embeddable":true,"href":"https:\/\/www.europesays.com\/fr\/wp-json\/wp\/v2\/media\/392516"}],"wp:attachment":[{"href":"https:\/\/www.europesays.com\/fr\/wp-json\/wp\/v2\/media?parent=392515"}],"wp:term":[{"taxonomy":"category","embeddable":true,"href":"https:\/\/www.europesays.com\/fr\/wp-json\/wp\/v2\/categories?post=392515"},{"taxonomy":"post_tag","embeddable":true,"href":"https:\/\/www.europesays.com\/fr\/wp-json\/wp\/v2\/tags?post=392515"}],"curies":[{"name":"wp","href":"https:\/\/api.w.org\/{rel}","templated":true}]}}