{"id":392517,"date":"2025-09-15T12:02:15","date_gmt":"2025-09-15T12:02:15","guid":{"rendered":"https:\/\/www.europesays.com\/fr\/392517\/"},"modified":"2025-09-15T12:02:15","modified_gmt":"2025-09-15T12:02:15","slug":"qua-revele-cette-operation-de-controle-de-nuit-dans-les-commerces","status":"publish","type":"post","link":"https:\/\/www.europesays.com\/fr\/392517\/","title":{"rendered":"qu&rsquo;a r\u00e9v\u00e9l\u00e9 cette op\u00e9ration de contr\u00f4le de nuit dans les commerces ?"},"content":{"rendered":"<p>\nCe week-end, la Police Municipale de Montpellier a contr\u00f4l\u00e9 plusieurs \u00e9tablissements \u00e0 Montpellier.<\/p>\n<p>\n\u00a9 Police Municipale de Montpellier \u2013 op\u00e9ration de contr\u00f4le nocturne d\u2019\u00e9tablissements \u00e0 Montpellier.<\/p>\n<p>Dans la nuit du samedi 13 au dimanche 14 septembre, les forces de l\u2019ordre ont men\u00e9 une <strong>op\u00e9ration de contr\u00f4le<\/strong> visant des \u00e9tablissements. Les contr\u00f4les ont \u00e9t\u00e9 cibl\u00e9s dans les quartiers Croix d\u2019Argent, Mosson, Pr\u00e9s d\u2019Ar\u00e8nes ainsi que le centre de <a href=\"https:\/\/infoccitanie.fr\/tag\/montpellier\/\" rel=\"nofollow noopener\" target=\"_blank\">Montpellier<\/a>.<\/p>\n<p>5 \u00e9tablissements sanctionn\u00e9s<\/p>\n<p>D\u2019apr\u00e8s les informations communiqu\u00e9es par la Police Municipale de Montpellier, <strong>cinq \u00e9tablissements<\/strong> ont \u00e9t\u00e9 <strong>sanctionn\u00e9s<\/strong>. En effet, la brigade de nuit a dress\u00e9 <strong>cinq rapports d\u2019infractions<\/strong>. Quatre \u00e9piceries de nuit ainsi qu\u2019un restaurant ne <strong>respectaient pas des arr\u00eat\u00e9s municipaux<\/strong>. Plus d\u2019informations \u00e0 venir sur les \u00e9tablissements concern\u00e9s ainsi que la nature des manquements et des sanctions.<\/p>\n","protected":false},"excerpt":{"rendered":"Ce week-end, la Police Municipale de Montpellier a contr\u00f4l\u00e9 plusieurs \u00e9tablissements \u00e0 Montpellier. \u00a9 Police Municipale de Montpellier&hellip;\n","protected":false},"author":2,"featured_media":392518,"comment_status":"","ping_status":"","sticky":false,"template":"","format":"standard","meta":{"footnotes":""},"categories":[9599],"tags":[1111,11,1777,674,1011,27,2208,12,2680,2872,25],"class_list":{"0":"post-392517","1":"post","2":"type-post","3":"status-publish","4":"format-standard","5":"has-post-thumbnail","7":"category-montpellier","8":"tag-actu","9":"tag-actualites","10":"tag-eu","11":"tag-europe","12":"tag-fr","13":"tag-france","14":"tag-montpellier","15":"tag-news","16":"tag-occitanie","17":"tag-police-municipale","18":"tag-republique-francaise"},"share_on_mastodon":{"url":"https:\/\/pubeurope.com\/@fr\/115208214652016174","error":""},"_links":{"self":[{"href":"https:\/\/www.europesays.com\/fr\/wp-json\/wp\/v2\/posts\/392517","targetHints":{"allow":["GET"]}}],"collection":[{"href":"https:\/\/www.europesays.com\/fr\/wp-json\/wp\/v2\/posts"}],"about":[{"href":"https:\/\/www.europesays.com\/fr\/wp-json\/wp\/v2\/types\/post"}],"author":[{"embeddable":true,"href":"https:\/\/www.europesays.com\/fr\/wp-json\/wp\/v2\/users\/2"}],"replies":[{"embeddable":true,"href":"https:\/\/www.europesays.com\/fr\/wp-json\/wp\/v2\/comments?post=392517"}],"version-history":[{"count":0,"href":"https:\/\/www.europesays.com\/fr\/wp-json\/wp\/v2\/posts\/392517\/revisions"}],"wp:featuredmedia":[{"embeddable":true,"href":"https:\/\/www.europesays.com\/fr\/wp-json\/wp\/v2\/media\/392518"}],"wp:attachment":[{"href":"https:\/\/www.europesays.com\/fr\/wp-json\/wp\/v2\/media?parent=392517"}],"wp:term":[{"taxonomy":"category","embeddable":true,"href":"https:\/\/www.europesays.com\/fr\/wp-json\/wp\/v2\/categories?post=392517"},{"taxonomy":"post_tag","embeddable":true,"href":"https:\/\/www.europesays.com\/fr\/wp-json\/wp\/v2\/tags?post=392517"}],"curies":[{"name":"wp","href":"https:\/\/api.w.org\/{rel}","templated":true}]}}