{"id":392519,"date":"2025-09-15T12:03:11","date_gmt":"2025-09-15T12:03:11","guid":{"rendered":"https:\/\/www.europesays.com\/fr\/392519\/"},"modified":"2025-09-15T12:03:11","modified_gmt":"2025-09-15T12:03:11","slug":"il-sarrete-en-plein-milieu-de-la-route-a-rouen-pour-receptionner-une-commande","status":"publish","type":"post","link":"https:\/\/www.europesays.com\/fr\/392519\/","title":{"rendered":"Il s&rsquo;arr\u00eate en plein milieu de la route \u00e0 Rouen&#8230; pour r\u00e9ceptionner une commande"},"content":{"rendered":"<p>            Par<br \/>\n        <strong><br \/>\n            <a href=\"https:\/\/actu.fr\/auteur\/eaube\" title=\"Consulter tous les articles de Elo\u00efse Aub\u00e9\" rel=\"nofollow noopener\" target=\"_blank\">Elo\u00efse Aub\u00e9<\/a><br \/>\n        <\/strong><\/p>\n<p>        Publi\u00e9 le<\/p>\n<p>            15 sept. 2025 \u00e0 13h30<br \/>\n        ; mis \u00e0 jour le 15 sept. 2025 \u00e0 13h31    <\/p>\n<p>Si vous \u00eates pass\u00e9s rue Saint-\u00c9loi \u00e0 <a href=\"https:\/\/actu.fr\/normandie\/rouen_76540\" rel=\"nofollow noopener\" target=\"_blank\">Rouen<\/a> (Seine-Maritime) vendredi 12\u00a0septembre 2025, vous avez (sans doute) assist\u00e9 \u00e0 la sc\u00e8ne. \u00c0 22\u2009h\u200925 ce jour-l\u00e0, une Renault Clio <strong>s\u2019arr\u00eate en pleine voie<\/strong>. Le chauffeur, \u00e2g\u00e9 de 26\u00a0ans, sort du v\u00e9hicule et le laisse, donc, en plein milieu de la route.<\/p>\n<p>Un repas \u00e0 livrer\u2009?<\/p>\n<p class=\" wall-content\">La police arrive rapidement sur place et interroge le chauffeur. Celui-ci assure aupr\u00e8s des forces de l\u2019ordre qu\u2019il est livreur de repas et qu\u2019il va r\u00e9ceptionner une commande. Or, apr\u00e8s v\u00e9rifications par les agents, il s\u2019av\u00e8re qu\u2019il n<strong>\u2019est pas titulaire du permis de conduire<\/strong> et son v\u00e9hicule n\u2019est tout simplement pas assur\u00e9.<\/p>\n<p class=\" wall-content\">Il sera convoqu\u00e9 au tribunal \u00e0 une date ult\u00e9rieure pour entrave \u00e0 la circulation.<\/p>\n<p>Suivez l\u2019actualit\u00e9 de Rouen sur notre<a href=\"https:\/\/www.whatsapp.com\/channel\/0029VaKfnf99hXF2ddApFB1D\" rel=\"nofollow noopener\" target=\"_blank\"> cha\u00eene WhatsApp<\/a> et sur notre<a href=\"https:\/\/www.tiktok.com\/@76actu.fr?lang=fr\" rel=\"nofollow noopener\" target=\"_blank\"> compte TikTok<\/a><\/p>\n<p class=\" wall-content\">Personnalisez votre actualit\u00e9 en ajoutant vos villes et m\u00e9dias en favori avec <a href=\"https:\/\/moncompte.actu.fr\" title=\"D\u00e9couvez Mon Actu\" rel=\"nofollow noopener\" data-trk=\"{&quot;cta&quot;:{&quot;action&quot;:&quot;https:\\\/\\\/moncompte.actu.fr&quot;,&quot;category&quot;:&quot;mon compte&quot;,&quot;from&quot;:&quot;article footer&quot;,&quot;name&quot;:&quot;Mon actu&quot;,&quot;type&quot;:&quot;cta&quot;}}\" target=\"_blank\">Mon Actu<\/a>.<\/p>\n<p>                    <script async src=\"\/\/www.tiktok.com\/embed.js\"><\/script><\/p>\n","protected":false},"excerpt":{"rendered":"Par Elo\u00efse Aub\u00e9 Publi\u00e9 le 15 sept. 2025 \u00e0 13h30 ; mis \u00e0 jour le 15 sept. 2025&hellip;\n","protected":false},"author":2,"featured_media":392520,"comment_status":"","ping_status":"","sticky":false,"template":"","format":"standard","meta":{"footnotes":""},"categories":[9587],"tags":[1111,11,646,1777,674,118,1011,27,12,5161,5007,1072,25,9590],"class_list":{"0":"post-392519","1":"post","2":"type-post","3":"status-publish","4":"format-standard","5":"has-post-thumbnail","7":"category-rouen","8":"tag-actu","9":"tag-actualites","10":"tag-automobile","11":"tag-eu","12":"tag-europe","13":"tag-faits-divers","14":"tag-fr","15":"tag-france","16":"tag-news","17":"tag-normandie","18":"tag-permis-de-conduire","19":"tag-police","20":"tag-republique-francaise","21":"tag-rouen"},"share_on_mastodon":{"url":"https:\/\/pubeurope.com\/@fr\/115208218472565036","error":""},"_links":{"self":[{"href":"https:\/\/www.europesays.com\/fr\/wp-json\/wp\/v2\/posts\/392519","targetHints":{"allow":["GET"]}}],"collection":[{"href":"https:\/\/www.europesays.com\/fr\/wp-json\/wp\/v2\/posts"}],"about":[{"href":"https:\/\/www.europesays.com\/fr\/wp-json\/wp\/v2\/types\/post"}],"author":[{"embeddable":true,"href":"https:\/\/www.europesays.com\/fr\/wp-json\/wp\/v2\/users\/2"}],"replies":[{"embeddable":true,"href":"https:\/\/www.europesays.com\/fr\/wp-json\/wp\/v2\/comments?post=392519"}],"version-history":[{"count":0,"href":"https:\/\/www.europesays.com\/fr\/wp-json\/wp\/v2\/posts\/392519\/revisions"}],"wp:featuredmedia":[{"embeddable":true,"href":"https:\/\/www.europesays.com\/fr\/wp-json\/wp\/v2\/media\/392520"}],"wp:attachment":[{"href":"https:\/\/www.europesays.com\/fr\/wp-json\/wp\/v2\/media?parent=392519"}],"wp:term":[{"taxonomy":"category","embeddable":true,"href":"https:\/\/www.europesays.com\/fr\/wp-json\/wp\/v2\/categories?post=392519"},{"taxonomy":"post_tag","embeddable":true,"href":"https:\/\/www.europesays.com\/fr\/wp-json\/wp\/v2\/tags?post=392519"}],"curies":[{"name":"wp","href":"https:\/\/api.w.org\/{rel}","templated":true}]}}