{"id":392523,"date":"2025-09-15T12:05:11","date_gmt":"2025-09-15T12:05:11","guid":{"rendered":"https:\/\/www.europesays.com\/fr\/392523\/"},"modified":"2025-09-15T12:05:11","modified_gmt":"2025-09-15T12:05:11","slug":"les-transports-en-commun-seront-gratuits-ce-dimanche","status":"publish","type":"post","link":"https:\/\/www.europesays.com\/fr\/392523\/","title":{"rendered":"les transports en commun seront gratuits ce dimanche"},"content":{"rendered":"<p>Apr\u00e8s la journ\u00e9e gratuite <a href=\"https:\/\/www.ledauphine.com\/transport\/2025\/08\/27\/les-transports-en-commun-mreso-seront-gratuits-pour-la-rentree-ce-lundi\" target=\"_blank\" rel=\"noopener\">pour la rentr\u00e9e scolaire<\/a>, \u00e0 l\u2019occasion des Journ\u00e9es europ\u00e9ennes du patrimoine, le Smmag proposera de nouveau un acc\u00e8s libre \u00e0 toutes les lignes de <a href=\"https:\/\/www.ledauphine.com\/transport\/2025\/08\/27\/transports-en-commun-reseau-unique-tarifs-nouveautes-ce-qu-il-faut-savoir-avant-la-rentree\" target=\"_blank\" rel=\"noopener\">transports en commun MReso<\/a> ce dimanche 21\u00a0septembre. Une \u201cinvitation pour tous les habitants et visiteurs de l\u2019aire grenobloise \u00e0 (re) d\u00e9couvrir toutes les richesses de son patrimoine en toute libert\u00e9\u201d, pr\u00e9cise le syndicat.<\/p>\n<p>Les usagers pourront donc profiter des bus et tramways gratuitement toute la journ\u00e9e dans le Pays voironnais, le Gr\u00e9sivaudan et la m\u00e9tropole de Grenoble.<\/p>\n<p>\u201cCette initiative vise \u00e0 faciliter les d\u00e9placements, encourager la d\u00e9couverte des richesses patrimoniales et promouvoir l\u2019usage des transports collectifs comme alternative \u00e0 l\u2019usage individuel de la voiture. Que ce soit pour fl\u00e2ner dans les mus\u00e9es, explorer des lieux habituellement ferm\u00e9s au public ou simplement profiter de notre environnement autrement, chacun pourra circuler librement sur tout le r\u00e9seau MR\u00e9so\u201d, avance le Smmag.<\/p>\n<p class=\"note\">Renseignements sur <a href=\"https:\/\/www.reso-m.fr\/\" target=\"_blank\" rel=\"noopener\">reso-m.fr<\/a>.<\/p>\n","protected":false},"excerpt":{"rendered":"Apr\u00e8s la journ\u00e9e gratuite pour la rentr\u00e9e scolaire, \u00e0 l\u2019occasion des Journ\u00e9es europ\u00e9ennes du patrimoine, le Smmag proposera&hellip;\n","protected":false},"author":2,"featured_media":392524,"comment_status":"","ping_status":"","sticky":false,"template":"","format":"standard","meta":{"footnotes":""},"categories":[9566],"tags":[1111,11,2430,3542,112,113,114,1777,674,1011,27,2731,2732,108,1985,12,25,2803],"class_list":{"0":"post-392523","1":"post","2":"type-post","3":"status-publish","4":"format-standard","5":"has-post-thumbnail","7":"category-grenoble","8":"tag-actu","9":"tag-actualites","10":"tag-auvergne-rhone-alpes","11":"tag-circulation","12":"tag-edition-grenoble-agglomeration","13":"tag-edition-gresivaudan-oisans","14":"tag-edition-voiron-saint-marcellin","15":"tag-eu","16":"tag-europe","17":"tag-fr","18":"tag-france","19":"tag-grenoble","20":"tag-grenoble-bassin","21":"tag-isere","22":"tag-metropole-de-grenoble","23":"tag-news","24":"tag-republique-francaise","25":"tag-transport"},"share_on_mastodon":{"url":"https:\/\/pubeurope.com\/@fr\/115208226376260355","error":""},"_links":{"self":[{"href":"https:\/\/www.europesays.com\/fr\/wp-json\/wp\/v2\/posts\/392523","targetHints":{"allow":["GET"]}}],"collection":[{"href":"https:\/\/www.europesays.com\/fr\/wp-json\/wp\/v2\/posts"}],"about":[{"href":"https:\/\/www.europesays.com\/fr\/wp-json\/wp\/v2\/types\/post"}],"author":[{"embeddable":true,"href":"https:\/\/www.europesays.com\/fr\/wp-json\/wp\/v2\/users\/2"}],"replies":[{"embeddable":true,"href":"https:\/\/www.europesays.com\/fr\/wp-json\/wp\/v2\/comments?post=392523"}],"version-history":[{"count":0,"href":"https:\/\/www.europesays.com\/fr\/wp-json\/wp\/v2\/posts\/392523\/revisions"}],"wp:featuredmedia":[{"embeddable":true,"href":"https:\/\/www.europesays.com\/fr\/wp-json\/wp\/v2\/media\/392524"}],"wp:attachment":[{"href":"https:\/\/www.europesays.com\/fr\/wp-json\/wp\/v2\/media?parent=392523"}],"wp:term":[{"taxonomy":"category","embeddable":true,"href":"https:\/\/www.europesays.com\/fr\/wp-json\/wp\/v2\/categories?post=392523"},{"taxonomy":"post_tag","embeddable":true,"href":"https:\/\/www.europesays.com\/fr\/wp-json\/wp\/v2\/tags?post=392523"}],"curies":[{"name":"wp","href":"https:\/\/api.w.org\/{rel}","templated":true}]}}