{"id":392529,"date":"2025-09-15T12:08:09","date_gmt":"2025-09-15T12:08:09","guid":{"rendered":"https:\/\/www.europesays.com\/fr\/392529\/"},"modified":"2025-09-15T12:08:09","modified_gmt":"2025-09-15T12:08:09","slug":"accident-mortel-sur-les-rails-la-circulation-des-trains-interrompue-entre-rennes-et-redon","status":"publish","type":"post","link":"https:\/\/www.europesays.com\/fr\/392529\/","title":{"rendered":"accident mortel sur les rails, la circulation des trains interrompue entre Rennes et Redon"},"content":{"rendered":"<p>            Par<br \/>\n        <strong><br \/>\n            <a href=\"https:\/\/actu.fr\/auteur\/clemence-pays02-actu-fr\" title=\"Consulter tous les articles de Cl\u00e9mence Pays\" target=\"_blank\" rel=\"noopener\">Cl\u00e9mence Pays<\/a><br \/>\n        <\/strong><\/p>\n<p>        Publi\u00e9 le<\/p>\n<p>            15 sept. 2025 \u00e0 13h27        <\/p>\n<p>Ce lundi 15\u00a0septembre 2025, les sapeurs-pompiers d\u2019Ille-et-Vilaine ont \u00e9t\u00e9 d\u00e9ploy\u00e9s \u00e0 11h44, apr\u00e8s qu\u2019un <strong>accident mortel entre un train et une personne<\/strong> s\u2019est produit \u00e0 Bruz, \u00e0 quelques kilom\u00e8tres de Rennes. Contact\u00e9 par la r\u00e9daction, le Centre op\u00e9rationnel d\u00e9partemental d\u2019incendie et de secours (Codis) indiquait \u00e0 13h14, que<strong> \u00ab\u2009l\u2019intervention est toujours en cours\u2009\u00bb, <\/strong>confirmant <a href=\"https:\/\/www.ouest-france.fr\/societe\/faits-divers\/percutee-par-un-train-une-personne-decede-au-sud-de-rennes-le-trafic-ferroviaire-a-larret-542c4e5e-921c-11f0-97e6-741179c952b9\" target=\"_blank\" rel=\"noopener\">Ouest-France<\/a>.<\/p>\n<p class=\" wall-content\">Selon le compte X TER BreizhGo, les \u00e9quipes SNCF et un officier de police judiciaire se sont \u00e9galement rendus sur place pour \u00ab\u2009effectuer les premi\u00e8res constatations\u2009\u00bb. Les<strong> pompes fun\u00e8bres<\/strong> doivent aussi intervenir.<\/p>\n<p class=\" wall-content\">\n<p>La circulation interrompue<\/p>\n<p class=\" wall-content\">Cons\u00e9quence de ce tragique accident\u2009: \u00ab\u2009la <strong>circulation des trains est interrompue<\/strong> dans les deux sens<strong> entre Rennes et Redon\u2009\u00bb<\/strong>. Des retards et suppressions sont \u00e0 pr\u00e9voir en attendant la reprise normale du trafic, estim\u00e9e \u00ab\u2009vers 14h30\u2009\u00bb, pr\u00e9cise TER BreizhGo.<\/p>\n<p class=\" wall-content\">Personnalisez votre actualit\u00e9 en ajoutant vos villes et m\u00e9dias en favori avec <a href=\"https:\/\/moncompte.actu.fr\" title=\"D\u00e9couvez Mon Actu\" rel=\"nofollow noopener\" data-trk=\"{&quot;cta&quot;:{&quot;action&quot;:&quot;https:\\\/\\\/moncompte.actu.fr&quot;,&quot;category&quot;:&quot;mon compte&quot;,&quot;from&quot;:&quot;article footer&quot;,&quot;name&quot;:&quot;Mon actu&quot;,&quot;type&quot;:&quot;cta&quot;}}\" target=\"_blank\">Mon Actu<\/a>.<\/p>\n","protected":false},"excerpt":{"rendered":"Par Cl\u00e9mence Pays Publi\u00e9 le 15 sept. 2025 \u00e0 13h27 Ce lundi 15\u00a0septembre 2025, les sapeurs-pompiers d\u2019Ille-et-Vilaine ont&hellip;\n","protected":false},"author":2,"featured_media":392530,"comment_status":"","ping_status":"","sticky":false,"template":"","format":"standard","meta":{"footnotes":""},"categories":[2821],"tags":[7757,1111,11,829,1777,674,118,1011,27,12,1311,584,25,2215],"class_list":{"0":"post-392529","1":"post","2":"type-post","3":"status-publish","4":"format-standard","5":"has-post-thumbnail","7":"category-rennes","8":"tag-accident-grave-de-voyageur","9":"tag-actu","10":"tag-actualites","11":"tag-bretagne","12":"tag-eu","13":"tag-europe","14":"tag-faits-divers","15":"tag-fr","16":"tag-france","17":"tag-news","18":"tag-pompiers","19":"tag-rennes","20":"tag-republique-francaise","21":"tag-sncf"},"share_on_mastodon":{"url":"https:\/\/pubeurope.com\/@fr\/115208238168020742","error":""},"_links":{"self":[{"href":"https:\/\/www.europesays.com\/fr\/wp-json\/wp\/v2\/posts\/392529","targetHints":{"allow":["GET"]}}],"collection":[{"href":"https:\/\/www.europesays.com\/fr\/wp-json\/wp\/v2\/posts"}],"about":[{"href":"https:\/\/www.europesays.com\/fr\/wp-json\/wp\/v2\/types\/post"}],"author":[{"embeddable":true,"href":"https:\/\/www.europesays.com\/fr\/wp-json\/wp\/v2\/users\/2"}],"replies":[{"embeddable":true,"href":"https:\/\/www.europesays.com\/fr\/wp-json\/wp\/v2\/comments?post=392529"}],"version-history":[{"count":0,"href":"https:\/\/www.europesays.com\/fr\/wp-json\/wp\/v2\/posts\/392529\/revisions"}],"wp:featuredmedia":[{"embeddable":true,"href":"https:\/\/www.europesays.com\/fr\/wp-json\/wp\/v2\/media\/392530"}],"wp:attachment":[{"href":"https:\/\/www.europesays.com\/fr\/wp-json\/wp\/v2\/media?parent=392529"}],"wp:term":[{"taxonomy":"category","embeddable":true,"href":"https:\/\/www.europesays.com\/fr\/wp-json\/wp\/v2\/categories?post=392529"},{"taxonomy":"post_tag","embeddable":true,"href":"https:\/\/www.europesays.com\/fr\/wp-json\/wp\/v2\/tags?post=392529"}],"curies":[{"name":"wp","href":"https:\/\/api.w.org\/{rel}","templated":true}]}}