{"id":392531,"date":"2025-09-15T12:09:11","date_gmt":"2025-09-15T12:09:11","guid":{"rendered":"https:\/\/www.europesays.com\/fr\/392531\/"},"modified":"2025-09-15T12:09:11","modified_gmt":"2025-09-15T12:09:11","slug":"eckbolsheim-un-dispositif-pour-reduire-les-risques-dinondation-dans-son-habitation","status":"publish","type":"post","link":"https:\/\/www.europesays.com\/fr\/392531\/","title":{"rendered":"Eckbolsheim. Un dispositif pour r\u00e9duire les risques d\u2019inondation dans son habitation"},"content":{"rendered":"<p>La r\u00e9union publique, qui a eu lieu le 9\u00a0septembre \u00e0 Eckbolsheim, a \u00e9t\u00e9 pr\u00e9c\u00e9d\u00e9e d\u2019une balade apprenante en bord de Bruche ou \u00e0 proximit\u00e9 du gymnase Krafft. Muriel et Cl\u00e9mence de <a href=\"https:\/\/www.dna.fr\/environnement\/2025\/06\/14\/zfe-en-rade-aides-suspendues-l-agence-du-climat-resiste\" target=\"_blank\" rel=\"nofollow noopener\">l\u2019Agence du climat<\/a> y ont pos\u00e9 quelques bases, les trois types d\u2019inondation par exemple\u00a0: remont\u00e9e de nappe phr\u00e9atique, d\u00e9bordement de cours d\u2019eau, ruissellement pluvial, surtout en secteur urbain.<\/p>\n<p>Inscription au dispositif Alabri jusqu\u2019au 31\u00a0octobre<\/p>\n<p>Quelque 14\u00a0000 habitations sont expos\u00e9es aux risques d\u2019inondation sur le territoire de l\u2019EMS. 27\u00a0% de&#8230;<\/p>\n","protected":false},"excerpt":{"rendered":"La r\u00e9union publique, qui a eu lieu le 9\u00a0septembre \u00e0 Eckbolsheim, a \u00e9t\u00e9 pr\u00e9c\u00e9d\u00e9e d\u2019une balade apprenante en&hellip;\n","protected":false},"author":2,"featured_media":392532,"comment_status":"","ping_status":"","sticky":false,"template":"","format":"standard","meta":{"footnotes":""},"categories":[2820],"tags":[1111,11,11353,2880,436,1777,674,107,1011,27,775,9588,8423,12,5140,25,640,3089],"class_list":{"0":"post-392531","1":"post","2":"type-post","3":"status-publish","4":"format-standard","5":"has-post-thumbnail","7":"category-strasbourg","8":"tag-actu","9":"tag-actualites","10":"tag-eckbolsheim","11":"tag-edition-strasbourg","12":"tag-environnement","13":"tag-eu","14":"tag-europe","15":"tag-fil-info","16":"tag-fr","17":"tag-france","18":"tag-grand-est","19":"tag-ici-on-agit","20":"tag-meteorologie-climat","21":"tag-news","22":"tag-rechauffement-climatique","23":"tag-republique-francaise","24":"tag-strasbourg","25":"tag-strasbourg-sud"},"share_on_mastodon":{"url":"https:\/\/pubeurope.com\/@fr\/115208242022634591","error":""},"_links":{"self":[{"href":"https:\/\/www.europesays.com\/fr\/wp-json\/wp\/v2\/posts\/392531","targetHints":{"allow":["GET"]}}],"collection":[{"href":"https:\/\/www.europesays.com\/fr\/wp-json\/wp\/v2\/posts"}],"about":[{"href":"https:\/\/www.europesays.com\/fr\/wp-json\/wp\/v2\/types\/post"}],"author":[{"embeddable":true,"href":"https:\/\/www.europesays.com\/fr\/wp-json\/wp\/v2\/users\/2"}],"replies":[{"embeddable":true,"href":"https:\/\/www.europesays.com\/fr\/wp-json\/wp\/v2\/comments?post=392531"}],"version-history":[{"count":0,"href":"https:\/\/www.europesays.com\/fr\/wp-json\/wp\/v2\/posts\/392531\/revisions"}],"wp:featuredmedia":[{"embeddable":true,"href":"https:\/\/www.europesays.com\/fr\/wp-json\/wp\/v2\/media\/392532"}],"wp:attachment":[{"href":"https:\/\/www.europesays.com\/fr\/wp-json\/wp\/v2\/media?parent=392531"}],"wp:term":[{"taxonomy":"category","embeddable":true,"href":"https:\/\/www.europesays.com\/fr\/wp-json\/wp\/v2\/categories?post=392531"},{"taxonomy":"post_tag","embeddable":true,"href":"https:\/\/www.europesays.com\/fr\/wp-json\/wp\/v2\/tags?post=392531"}],"curies":[{"name":"wp","href":"https:\/\/api.w.org\/{rel}","templated":true}]}}