{"id":392535,"date":"2025-09-15T12:11:10","date_gmt":"2025-09-15T12:11:10","guid":{"rendered":"https:\/\/www.europesays.com\/fr\/392535\/"},"modified":"2025-09-15T12:11:10","modified_gmt":"2025-09-15T12:11:10","slug":"demonstration-de-force-de-lultradroite-nicoise-sur-le-parvis-du-monument-aux-morts","status":"publish","type":"post","link":"https:\/\/www.europesays.com\/fr\/392535\/","title":{"rendered":"D\u00e9monstration de force de l\u2019ultradroite ni\u00e7oise sur le parvis du Monument aux Morts"},"content":{"rendered":"<p>Une centaine de jeunes gens v\u00eatus de noir entonnent la Marseillaise en brandissant des dizaines d\u2019\u00e9tendards tricolores. Sur l\u2019immense banderole qu\u2019ils ont d\u00e9ploy\u00e9e, ce dimanche 14 septembre 2025 peu avant 20 heures, on peut lire en lettres gothiques: \u00ab\u00a0viens enlever mon drapeau\u00a0\u00bb. La d\u00e9monstration de force de l\u2019ultradroite ni\u00e7oise a eu lieu sur le parvis du Monument aux Morts \u00e0 Nice.<\/p>\n<p>\u00ab\u00a0Ce soir, la jeunesse ni\u00e7oise s\u2019est massivement mobilis\u00e9e pour d\u00e9fendre nos couleurs, que les forces de l\u2019anti-France s\u2019emploient chaque jour \u00e0 tra\u00eener dans la boue\u00a0\u00bb, annonce sur ses r\u00e9seaux sociaux Aquila Popularis.<\/p>\n<p>Ce groupuscule cr\u00e9\u00e9 en 2022, qui se revendique du nationalisme-r\u00e9volutionnaire, pourrait bien \u00eatre \u00e0 l\u2019origine de ce happening identitaire.<\/p>\n<p>Il n\u2019est toutefois pas le seul \u00e0 relayer la vid\u00e9o de ce rassemblement qui, en l\u2019\u00e9tat de nos informations, ne semble pas avoir \u00e9t\u00e9 d\u00e9clar\u00e9 en pr\u00e9fecture.<\/p>\n<p>                                <strong>Un mouvement import\u00e9 du Royaume-Uni<\/strong><\/p>\n<p>La radio \u00ab\u00a0Fronti\u00e8res\u00a0\u00bb a elle aussi tr\u00e8s vite partag\u00e9 les images de ces \u00ab\u00a0patriotes\u00a0\u00bb descendus dans les rues de Nice. Ce m\u00e9dia proche de l\u2019extr\u00eame droite n\u2019avait pas manqu\u00e9 de relayer, ces derniers jours, l\u2019appel \u00e0 \u00ab\u00a0hisser les couleurs\u00a0\u00bb dont s\u2019est empar\u00e9e, d\u00e9but septembre, la sph\u00e8re nationaliste fran\u00e7aise.<\/p>\n<p>Dans une vid\u00e9o Instagram, le m\u00e9dia \u00ab\u00a0Fronti\u00e8res\u00a0\u00bb rappelle d\u2019ailleurs la gen\u00e8se de ce mouvement n\u00e9 au d\u00e9but de l\u2019\u00e9t\u00e9 de l\u2019autre c\u00f4t\u00e9 de la Manche.<\/p>\n<p>\u00c0 la suite de l\u2019\u00e9viction d\u2019une \u00e9l\u00e8ve de 12 ans dans la petite ville de Rugby. Exclue de cours le 11 juillet dernier, jour du Culture celebration day, jour cens\u00e9 c\u00e9l\u00e9brer la diversit\u00e9 culturelle en Angleterre, parce qu\u2019elle avait d\u00e9cid\u00e9 de rev\u00eatir une robe aux couleurs de l\u2019Union Jack (le drapeau britannique). En r\u00e9action, les habitants de plusieurs villes britannique ont d\u00e9cid\u00e9 de pavoiser rues et fen\u00eatres aux couleurs nationales.<\/p>\n<p>Outre-manche, le mouvement \u00ab\u00a0Raise the Colors\u00a0\u00bb n\u2019a cess\u00e9 de prendre de l\u2019ampleur au cours de l\u2019\u00e9t\u00e9. Au point que le 29 ao\u00fbt dernier, Elon Musk s\u2019est fendu d\u2019un message de soutien sur son r\u00e9seau social X.<\/p>\n<p>D\u00e9crite comme spontan\u00e9e, cette r\u00e9action de l\u2019opinion publique anglaise aurait, selon l\u2019association antiraciste \u00ab\u00a0Hope not Hate\u00a0\u00bb, \u00e9t\u00e9 r\u00e9cup\u00e9r\u00e9e par des figures du nationalisme telles que Andrew Currien, alias Andy Saxon, ou encore Tomy Robinson.<\/p>\n<p>Selon \u00ab\u00a0Fronti\u00e8res\u00a0\u00bb, le mouvement \u00ab\u00a0Raise The Flag\u00a0\u00bb (\u00ab\u00a0Hisser les couleurs\u00a0\u00bb) aurait d\u00e9j\u00e0 fait \u00e9cole en Australie ou au Japon et serait donc en train de gagner la France.<\/p>\n<p>M\u00eame si dans l\u2019Hexagone, sa manifestation la plus spectaculaire semble \u00eatre, pour l\u2019heure, cette op\u00e9ration en bleu, blanc et rouge sur le parvis du Monument aux Morts de Nice, dimanche soir.<\/p>\n","protected":false},"excerpt":{"rendered":"Une centaine de jeunes gens v\u00eatus de noir entonnent la Marseillaise en brandissant des dizaines d\u2019\u00e9tendards tricolores. Sur&hellip;\n","protected":false},"author":2,"featured_media":392536,"comment_status":"","ping_status":"","sticky":false,"template":"","format":"standard","meta":{"footnotes":""},"categories":[2819],"tags":[1111,11,1777,674,1011,27,12,2401,316,882,25],"class_list":{"0":"post-392535","1":"post","2":"type-post","3":"status-publish","4":"format-standard","5":"has-post-thumbnail","7":"category-nice","8":"tag-actu","9":"tag-actualites","10":"tag-eu","11":"tag-europe","12":"tag-fr","13":"tag-france","14":"tag-news","15":"tag-nice","16":"tag-politique","17":"tag-provence-alpes-cote-dazur","18":"tag-republique-francaise"},"share_on_mastodon":{"url":"https:\/\/pubeurope.com\/@fr\/115208249939957647","error":""},"_links":{"self":[{"href":"https:\/\/www.europesays.com\/fr\/wp-json\/wp\/v2\/posts\/392535","targetHints":{"allow":["GET"]}}],"collection":[{"href":"https:\/\/www.europesays.com\/fr\/wp-json\/wp\/v2\/posts"}],"about":[{"href":"https:\/\/www.europesays.com\/fr\/wp-json\/wp\/v2\/types\/post"}],"author":[{"embeddable":true,"href":"https:\/\/www.europesays.com\/fr\/wp-json\/wp\/v2\/users\/2"}],"replies":[{"embeddable":true,"href":"https:\/\/www.europesays.com\/fr\/wp-json\/wp\/v2\/comments?post=392535"}],"version-history":[{"count":0,"href":"https:\/\/www.europesays.com\/fr\/wp-json\/wp\/v2\/posts\/392535\/revisions"}],"wp:featuredmedia":[{"embeddable":true,"href":"https:\/\/www.europesays.com\/fr\/wp-json\/wp\/v2\/media\/392536"}],"wp:attachment":[{"href":"https:\/\/www.europesays.com\/fr\/wp-json\/wp\/v2\/media?parent=392535"}],"wp:term":[{"taxonomy":"category","embeddable":true,"href":"https:\/\/www.europesays.com\/fr\/wp-json\/wp\/v2\/categories?post=392535"},{"taxonomy":"post_tag","embeddable":true,"href":"https:\/\/www.europesays.com\/fr\/wp-json\/wp\/v2\/tags?post=392535"}],"curies":[{"name":"wp","href":"https:\/\/api.w.org\/{rel}","templated":true}]}}