{"id":392537,"date":"2025-09-15T12:12:13","date_gmt":"2025-09-15T12:12:13","guid":{"rendered":"https:\/\/www.europesays.com\/fr\/392537\/"},"modified":"2025-09-15T12:12:13","modified_gmt":"2025-09-15T12:12:13","slug":"les-salaries-de-nice-matin-en-greve-le-quotidien-ne-paraitra-pas-pour-son-80e-anniversaire","status":"publish","type":"post","link":"https:\/\/www.europesays.com\/fr\/392537\/","title":{"rendered":"Les salari\u00e9s de Nice-Matin en gr\u00e8ve, le quotidien ne para\u00eetra pas pour son 80e anniversaire"},"content":{"rendered":"<p>Le premier num\u00e9ro de Nice-Matin &#8211; qui englobe d\u00e9sormais Var-Matin et Monaco-Matin &#8211; est sorti le 15\u00a0septembre 1945 et le groupe a beaucoup communiqu\u00e9 cette ann\u00e9e autour de cet anniversaire, avec un logo sp\u00e9cial et une nouvelle formule.<\/p>\n<p>\u00ab\u00a0Tout s\u2019effondre\u00a0\u00bb<\/p>\n<p>Pour la Chambre Syndicale Typographique Ni\u00e7oise-CGT, cet anniversaire pourrait \u00eatre le dernier\u00a0: \u00ab\u00a01945-2025 Mort de Nice-Matin\u00a0\u00bb, proclame une banderole accroch\u00e9e par des militants au sommet du b\u00e2timent abritant le si\u00e8ge du groupe.<\/p>\n<p>\u00ab\u00a0Depuis l\u2019arriv\u00e9e de Xavier Niel, tout s\u2019effondre, le journal se vide de son essence, avec pour seul objectif la baisse des co\u00fbts\u00a0\u00bb, a d\u00e9nonc\u00e9 le syndicat dans un communiqu\u00e9, qui redoute particuli\u00e8rement un projet de centre d\u2019impression commun avec La Provence \u00e0 Vitrolles (Bouches-du-Rh\u00f4ne).<\/p>\n<p>Succession de plans de d\u00e9part<\/p>\n<p>En mars, les journaux du groupe \u00e9taient d\u00e9j\u00e0 rest\u00e9s absents des kiosques \u00e0 deux reprises, d\u2019abord \u00e0 cause d\u2019une gr\u00e8ve de la CSNT-CGT contre le projet de d\u00e9localisation de l\u2019impression, puis d\u2019une gr\u00e8ve de la r\u00e9daction (qui compte environ 160 journalistes) d\u00e9non\u00e7ant une d\u00e9gradation des conditions de travail \u00e0 la suite d\u2019une succession de plans de d\u00e9part.<\/p>\n<p>\u00ab\u00a0La direction du groupe Nice-Matin prend acte de cette non-parution et la regrette\u00a0\u00bb, a r\u00e9agi le directeur g\u00e9n\u00e9ral, Simon Perrot. \u00ab\u00a0Nous ne souhaitons pas nous exprimer davantage \u00e0 ce stade. Mais je tiens \u00e0 r\u00e9affirmer que le dialogue avec les repr\u00e9sentants syndicaux se poursuit dans un esprit constructif et responsable\u00a0\u00bb, a-t-il ajout\u00e9.<\/p>\n","protected":false},"excerpt":{"rendered":"Le premier num\u00e9ro de Nice-Matin &#8211; qui englobe d\u00e9sormais Var-Matin et Monaco-Matin &#8211; est sorti le 15\u00a0septembre 1945&hellip;\n","protected":false},"author":2,"featured_media":392538,"comment_status":"","ping_status":"","sticky":false,"template":"","format":"standard","meta":{"footnotes":""},"categories":[2819],"tags":[1111,11,1777,674,1011,27,12,2401,882,25],"class_list":{"0":"post-392537","1":"post","2":"type-post","3":"status-publish","4":"format-standard","5":"has-post-thumbnail","7":"category-nice","8":"tag-actu","9":"tag-actualites","10":"tag-eu","11":"tag-europe","12":"tag-fr","13":"tag-france","14":"tag-news","15":"tag-nice","16":"tag-provence-alpes-cote-dazur","17":"tag-republique-francaise"},"share_on_mastodon":{"url":"https:\/\/pubeurope.com\/@fr\/115208254015620232","error":""},"_links":{"self":[{"href":"https:\/\/www.europesays.com\/fr\/wp-json\/wp\/v2\/posts\/392537","targetHints":{"allow":["GET"]}}],"collection":[{"href":"https:\/\/www.europesays.com\/fr\/wp-json\/wp\/v2\/posts"}],"about":[{"href":"https:\/\/www.europesays.com\/fr\/wp-json\/wp\/v2\/types\/post"}],"author":[{"embeddable":true,"href":"https:\/\/www.europesays.com\/fr\/wp-json\/wp\/v2\/users\/2"}],"replies":[{"embeddable":true,"href":"https:\/\/www.europesays.com\/fr\/wp-json\/wp\/v2\/comments?post=392537"}],"version-history":[{"count":0,"href":"https:\/\/www.europesays.com\/fr\/wp-json\/wp\/v2\/posts\/392537\/revisions"}],"wp:featuredmedia":[{"embeddable":true,"href":"https:\/\/www.europesays.com\/fr\/wp-json\/wp\/v2\/media\/392538"}],"wp:attachment":[{"href":"https:\/\/www.europesays.com\/fr\/wp-json\/wp\/v2\/media?parent=392537"}],"wp:term":[{"taxonomy":"category","embeddable":true,"href":"https:\/\/www.europesays.com\/fr\/wp-json\/wp\/v2\/categories?post=392537"},{"taxonomy":"post_tag","embeddable":true,"href":"https:\/\/www.europesays.com\/fr\/wp-json\/wp\/v2\/tags?post=392537"}],"curies":[{"name":"wp","href":"https:\/\/api.w.org\/{rel}","templated":true}]}}