{"id":392539,"date":"2025-09-15T12:13:15","date_gmt":"2025-09-15T12:13:15","guid":{"rendered":"https:\/\/www.europesays.com\/fr\/392539\/"},"modified":"2025-09-15T12:13:15","modified_gmt":"2025-09-15T12:13:15","slug":"apres-vingt-ans-danimation-au-quartier-nantais-de-la-bottiere-le-troubadour-tanagore-passe-la","status":"publish","type":"post","link":"https:\/\/www.europesays.com\/fr\/392539\/","title":{"rendered":"Apr\u00e8s vingt ans d\u2019animation au quartier nantais de la Botti\u00e8re, le troubadour Tanagore passe la"},"content":{"rendered":"<p>Tanagore\u00a0! Tout le monde le conna\u00eet, ou tout le monde peut le conna\u00eetre dans le quartier de la Botti\u00e8re, \u00e0 Nantes. Voil\u00e0 une quinzaine d\u2019ann\u00e9es qu\u2019il anime, propose, con\u00e7oit inlassablement des rencontres culturelles et conviviales. Tour \u00e0 tour po\u00e8te, chanteur, musicien, com\u00e9dien, mais aussi organisateur, r\u00e9gisseur, animateur, il a peaufin\u00e9 au cours de toutes ces ann\u00e9es des rencontres o\u00f9 le mot d\u2019ordre \u00e9tait\u00a0<strong>: \u00ab\u00a0On partage et on se lie pour se conna\u00eetre, se parler, pour \u00e9changer, pour ne pas rester isol\u00e9, on essaie d\u2019apporter un peu de coh\u00e9sion sociale. C\u2019est une forme de sc\u00e8ne ouverte, style cabaret.\u00a0\u00bb<\/strong><\/p>\n<p>Le Grand partage, \u00ab\u00a0moment chaleureux et culturel\u00a0\u00bb<\/p>\n<p><strong>Lire aussi\u00a0<\/strong>: <a href=\"https:\/\/nantes.maville.com\/actu\/actudet_-a-nantes-elles-restent-fideles-a-la-bottiere-quartier-ou-prime-l-entraide-_52716-5888910_actu.Htm\" target=\"_self\" rel=\"nofollow noopener\">\u00c0 Nantes, elles restent fid\u00e8les \u00e0 La Botti\u00e8re, quartier \u00ab\u00a0o\u00f9 prime l\u2019entraide\u00a0\u00bb<\/a><\/p>\n<p><strong>\u00ab<\/strong> <strong> <strong>\u00a0<\/strong>Cela fait quinze\u00a0ans que nous avons cr\u00e9\u00e9 Les Rencontres enchant\u00e9es. Il s\u2019agit d\u2019un joyeux temps de partage o\u00f9 tu peux venir pr\u00e9senter ta musique, tes chansons, tes po\u00e8mes un peu de danse, un peu d\u2019humour,<\/strong> pr\u00e9cise Tanagore. <strong>Ces animations bimestrielles ont lieu le premier vendredi du mois, \u00e0 la Maison de quartier de la Botti\u00e8re, \u00e0 partir de 19\u00a0h.<\/strong>\u00a0\u00bb<\/p>\n<p>Depuis peu, Tanagore et son \u00e9quipe se retrouvent au B\u00f4 Caf\u00e9, \u00e0 la Botti\u00e8re pour Le Grand Partage. \u00ab\u00a0<strong>C\u2019est un moment chaleureux et culturel ouvert \u00e0 toutes et \u00e0 tous.\u00a0Tous les quinze\u00a0jours, l\u2019\u00e9quipe du Grand Partage organise une soir\u00e9e \u00ab\u00a0expression libre\u00a0\u00bb au B\u00f4 Caf\u00e9\u00a0! Le principe\u00a0? Toutes celles et ceux qui en ont envie ont le champ libre pour s\u2019exprimer et \u00e9couter\u00a0! Po\u00e9sie, chant, danse, slam, orchestre, lecture d\u2019un texte\u2026\u00a0\u00bb<\/strong><\/p>\n<p>\u00c0 80\u00a0ans, Tanadore veut passer le flambeau<\/p>\n<p>L\u2019\u00e2ge \u00e9tant l\u00e0, Tanagore a d\u00e9cid\u00e9, \u00e0 presque 80\u00a0ans, de lever le pied et il est en train de passer le t\u00e9moin, \u00e0 qui voudra bien le prendre. \u00ab\u00a0<strong>Mais \u00e7a ne se fait pas comme \u00e7a\u00a0! Les personnes int\u00e9ress\u00e9es pour reprendre le flambeau animeront les soir\u00e9es en duo. Je serai l\u00e0 pour les aider au d\u00e9part. Puis, quand ils seront pr\u00eats, ils prendront les choses en main.\u00a0\u00bb<\/strong><\/p>\n<p>Tanagore esp\u00e8re que son appel \u00e0 succession sera suivi d\u2019effet, car lorsqu\u2019il regarde derri\u00e8re lui, il prend la mesure du travail r\u00e9alis\u00e9 pour que ces rendez-vous soient inscrits dans la vie de la cit\u00e9. \u00ab\u00a0<strong>Pas tout seul\u00a0! Mais j\u2019y ai un peu contribu\u00e9.<\/strong>\u00a0\u00bb<\/p>\n<p><strong>Vendredi 19\u00a0septembre,<\/strong> Grand partage \u00e0 17\u00a0h, au B\u00f4 Caf\u00e9 de la Botti\u00e8re. <strong>Vendredi 3\u00a0octobre,<\/strong> Rencontres enchant\u00e9es \u00e0 19\u00a0h, Maison de quartier de la Botti\u00e8re. Contact\u00a0: renc.enchantees@gmail.com<\/p>\n<p>\u00a0<\/p>\n","protected":false},"excerpt":{"rendered":"Tanagore\u00a0! Tout le monde le conna\u00eet, ou tout le monde peut le conna\u00eetre dans le quartier de la&hellip;\n","protected":false},"author":2,"featured_media":392540,"comment_status":"","ping_status":"","sticky":false,"template":"","format":"standard","meta":{"footnotes":""},"categories":[2818],"tags":[1111,11,1832,1764,17228,1777,674,1011,27,10041,4715,766,12,5242,2636,5775,25,52472,52471],"class_list":{"0":"post-392539","1":"post","2":"type-post","3":"status-publish","4":"format-standard","5":"has-post-thumbnail","7":"category-nantes","8":"tag-actu","9":"tag-actualites","10":"tag-animation","11":"tag-ans","12":"tag-bottiere","13":"tag-eu","14":"tag-europe","15":"tag-fr","16":"tag-france","17":"tag-main","18":"tag-nantais","19":"tag-nantes","20":"tag-news","21":"tag-passe","22":"tag-pays-de-la-loire","23":"tag-quartier","24":"tag-republique-francaise","25":"tag-tanagore","26":"tag-troubadour"},"share_on_mastodon":{"url":"https:\/\/pubeurope.com\/@fr\/115208257877223164","error":""},"_links":{"self":[{"href":"https:\/\/www.europesays.com\/fr\/wp-json\/wp\/v2\/posts\/392539","targetHints":{"allow":["GET"]}}],"collection":[{"href":"https:\/\/www.europesays.com\/fr\/wp-json\/wp\/v2\/posts"}],"about":[{"href":"https:\/\/www.europesays.com\/fr\/wp-json\/wp\/v2\/types\/post"}],"author":[{"embeddable":true,"href":"https:\/\/www.europesays.com\/fr\/wp-json\/wp\/v2\/users\/2"}],"replies":[{"embeddable":true,"href":"https:\/\/www.europesays.com\/fr\/wp-json\/wp\/v2\/comments?post=392539"}],"version-history":[{"count":0,"href":"https:\/\/www.europesays.com\/fr\/wp-json\/wp\/v2\/posts\/392539\/revisions"}],"wp:featuredmedia":[{"embeddable":true,"href":"https:\/\/www.europesays.com\/fr\/wp-json\/wp\/v2\/media\/392540"}],"wp:attachment":[{"href":"https:\/\/www.europesays.com\/fr\/wp-json\/wp\/v2\/media?parent=392539"}],"wp:term":[{"taxonomy":"category","embeddable":true,"href":"https:\/\/www.europesays.com\/fr\/wp-json\/wp\/v2\/categories?post=392539"},{"taxonomy":"post_tag","embeddable":true,"href":"https:\/\/www.europesays.com\/fr\/wp-json\/wp\/v2\/tags?post=392539"}],"curies":[{"name":"wp","href":"https:\/\/api.w.org\/{rel}","templated":true}]}}