{"id":392541,"date":"2025-09-15T12:14:16","date_gmt":"2025-09-15T12:14:16","guid":{"rendered":"https:\/\/www.europesays.com\/fr\/392541\/"},"modified":"2025-09-15T12:14:16","modified_gmt":"2025-09-15T12:14:16","slug":"25-pieces-de-theatre-de-21h30-a-3h-pour-cette-soiree-unique-en-france-big-city-nantes","status":"publish","type":"post","link":"https:\/\/www.europesays.com\/fr\/392541\/","title":{"rendered":"25 pi\u00e8ces de th\u00e9\u00e2tre de 21h30 \u00e0 3h pour cette soir\u00e9e unique en France \u2013 Big City Nantes"},"content":{"rendered":"<p><img fetchpriority=\"high\" width=\"527\" height=\"264\" src=\"https:\/\/www.europesays.com\/fr\/wp-content\/uploads\/2025\/09\/Piece-de-theatre-TOC-TOC-pour-la-nuit-du-theatre-a-Nantes-527x264.png\" class=\"attachment-csco-thumbnail-uncropped size-csco-thumbnail-uncropped wp-post-image\" alt=\"Pie\u0300ce de the\u0301atre TOC TOC pour la nuit du the\u0301a\u0302tre a\u0300 Nantes\" decoding=\"async\"  \/>\t<img loading=\"lazy\" width=\"1044\" height=\"522\" src=\"https:\/\/www.europesays.com\/fr\/wp-content\/uploads\/2025\/09\/Piece-de-theatre-TOC-TOC-pour-la-nuit-du-theatre-a-Nantes-1044x522.png\" class=\"attachment-csco-large-uncropped size-csco-large-uncropped wp-post-image\" alt=\"Pie\u0300ce de the\u0301atre TOC TOC pour la nuit du the\u0301a\u0302tre a\u0300 Nantes\" decoding=\"async\"  \/>\t<\/p>\n<p>\nPie\u0300ce de the\u0301atre TOC TOC pour la nuit du the\u0301a\u0302tre a\u0300 Nantes\t<\/p>\n<p>Oui, oui tu vas pouvoir rester au th\u00e9\u00e2tre jusqu\u2019au petit matin ! <strong>Le samedi 27 septembre 2025<\/strong>, les Th\u00e9\u00e2tres Nantais Associ\u00e9s te proposent de f\u00eater le lancement de la saison th\u00e9\u00e2trale et toute la richesse de la programmation nantaise avec l\u2019\u00e9v\u00e9nement unique <strong>La Nuit du th\u00e9\u00e2tre<\/strong>.\u00a0Big City t\u2019explique tout \ud83d\ude09<\/p>\n<p>La Nuit du Th\u00e9\u00e2tre : Une nuit de spectacles le samedi 27 septembre \u00e0 Nantes<\/p>\n<blockquote class=\"instagram-media\" data-instgrm-permalink=\"https:\/\/www.instagram.com\/reel\/DOltDuMCPWi\/?utm_source=ig_embed&amp;utm_campaign=loading\" data-instgrm-version=\"14\" style=\" background:#FFF; border:0; border-radius:3px; box-shadow:0 0 1px 0 rgba(0,0,0,0.5),0 1px 10px 0 rgba(0,0,0,0.15); margin: 1px; max-width:540px; min-width:326px; padding:0; width:99.375%; width:-webkit-calc(100% - 2px); width:calc(100% - 2px);\"\/>\n<p>Le samedi 27 septembre, <strong>11 th\u00e9\u00e2tres proposent 25 spectacles de 21h30 jusqu\u2019au petit matin.\u00a0<\/strong>Stand-up, com\u00e9die, improvisation, spectacle musical, th\u00e9\u00e2tre contemporain, road movie f\u00e9ministe, conte\u2026 tous les genres seront \u00e0 l\u2019affiche avec des cr\u00e9ations originales, des reprises de succ\u00e8s incontournables et des productions locales en quasi-totalit\u00e9 pour mettre en lumi\u00e8re les talents professionnels de la r\u00e9gion. <\/p>\n<p><a href=\"https:\/\/www.bigcitynantes.fr\/contact\/\" title=\"Publicit\u00e9\" rel=\"nofollow noopener\" target=\"_blank\"><br \/>\n<img decoding=\"async\" alt=\"Publicit\u00e9\" src=\"https:\/\/www.europesays.com\/fr\/wp-content\/uploads\/2025\/09\/ADS.webp.webp\" \/><br \/>\n<\/a><\/p>\n<p>\nPublicit\u00e9\n<\/p>\n<\/p>\n<p>Tu peux d\u00e9couvrir des nouveaut\u00e9s en avant-premi\u00e8re comme\u2026\u00a0<strong>\u00ab Les Faux British \u00bb<\/strong>\u00a0une v\u00e9ritable com\u00e9die catastrophe\u00a0ou le spectacle po\u00e9tique\u00a0<strong>\u00ab\u00a0Cure de Thalasso\u00e9sie\u00a0\u00bb<\/strong>.<\/p>\n<p>Retrouver les plus grands succ\u00e8s de la derni\u00e8re saison comme la com\u00e9die musicale improvis\u00e9e <strong>\u00ab Choral \u00bb<\/strong> ou encore <strong>\u00ab Toc Toc \u00bb<\/strong>, la com\u00e9die d\u00e9jant\u00e9e de Laurent Baffie.<\/p>\n<p>Et surtout,\u00a0tu peux\u00a0tomber sur des p\u00e9pites surprises comme le road movie cartoonesque\u00a0\u00ab <strong>Mob\u2019Kat<\/strong> \u00bb,\u00a0la com\u00e9die\u00a0\u00ab <strong>Cadavre exquis<\/strong> \u00bb\u00a0\u00e9crite par 6 auteurs diff\u00e9rents, des spectacles improvis\u00e9s, sans oublier la nouvelle g\u00e9n\u00e9ration d\u2019artistes nantais ou les nouvelles sensations de la sc\u00e8ne stand up\u2026<\/p>\n<p><script async src=\"\/\/www.instagram.com\/embed.js\"><\/script><\/p>\n","protected":false},"excerpt":{"rendered":"Pie\u0300ce de the\u0301atre TOC TOC pour la nuit du the\u0301a\u0302tre a\u0300 Nantes Oui, oui tu vas pouvoir rester&hellip;\n","protected":false},"author":2,"featured_media":392542,"comment_status":"","ping_status":"","sticky":false,"template":"","format":"standard","meta":{"footnotes":""},"categories":[2818],"tags":[1111,11,1777,674,1011,27,766,12,2636,25],"class_list":{"0":"post-392541","1":"post","2":"type-post","3":"status-publish","4":"format-standard","5":"has-post-thumbnail","7":"category-nantes","8":"tag-actu","9":"tag-actualites","10":"tag-eu","11":"tag-europe","12":"tag-fr","13":"tag-france","14":"tag-nantes","15":"tag-news","16":"tag-pays-de-la-loire","17":"tag-republique-francaise"},"share_on_mastodon":{"url":"https:\/\/pubeurope.com\/@fr\/115208262066411919","error":""},"_links":{"self":[{"href":"https:\/\/www.europesays.com\/fr\/wp-json\/wp\/v2\/posts\/392541","targetHints":{"allow":["GET"]}}],"collection":[{"href":"https:\/\/www.europesays.com\/fr\/wp-json\/wp\/v2\/posts"}],"about":[{"href":"https:\/\/www.europesays.com\/fr\/wp-json\/wp\/v2\/types\/post"}],"author":[{"embeddable":true,"href":"https:\/\/www.europesays.com\/fr\/wp-json\/wp\/v2\/users\/2"}],"replies":[{"embeddable":true,"href":"https:\/\/www.europesays.com\/fr\/wp-json\/wp\/v2\/comments?post=392541"}],"version-history":[{"count":0,"href":"https:\/\/www.europesays.com\/fr\/wp-json\/wp\/v2\/posts\/392541\/revisions"}],"wp:featuredmedia":[{"embeddable":true,"href":"https:\/\/www.europesays.com\/fr\/wp-json\/wp\/v2\/media\/392542"}],"wp:attachment":[{"href":"https:\/\/www.europesays.com\/fr\/wp-json\/wp\/v2\/media?parent=392541"}],"wp:term":[{"taxonomy":"category","embeddable":true,"href":"https:\/\/www.europesays.com\/fr\/wp-json\/wp\/v2\/categories?post=392541"},{"taxonomy":"post_tag","embeddable":true,"href":"https:\/\/www.europesays.com\/fr\/wp-json\/wp\/v2\/tags?post=392541"}],"curies":[{"name":"wp","href":"https:\/\/api.w.org\/{rel}","templated":true}]}}