{"id":392545,"date":"2025-09-15T12:17:12","date_gmt":"2025-09-15T12:17:12","guid":{"rendered":"https:\/\/www.europesays.com\/fr\/392545\/"},"modified":"2025-09-15T12:17:12","modified_gmt":"2025-09-15T12:17:12","slug":"le-prisonnier-qui-avait-ete-libere-par-erreur-retrouve-ce-lundi","status":"publish","type":"post","link":"https:\/\/www.europesays.com\/fr\/392545\/","title":{"rendered":"le prisonnier qui avait \u00e9t\u00e9 lib\u00e9r\u00e9 par erreur retrouv\u00e9 ce lundi"},"content":{"rendered":"<p>Le criminel, qui avait \u00e9t\u00e9 lib\u00e9r\u00e9 par erreur de la prison de Bordeaux-Gradignan en avril dernier, a \u00e9t\u00e9 retrouv\u00e9 en Gironde. Il ne sera pas poursuivi pour son \u00e9vasion.<\/p>\n<p class=\"fig-paragraph\">Le\u00a0<a href=\"http:\/\/www.lefigaro.fr\/bordeaux\/prisonnier-tabasse-denude-et-insulte-une-enquete-en-cours-a-la-prison-de-bordeaux-gradignan-20250423\" data-fig-type=\"NewsFlash\" data-gtm-custom-categorie=\"navigation\" data-gtm-custom-action=\"crossclick\" data-gtm-custom-label=\"Contextuel\" data-gtm-event=\"customEventSPE\" data-fig-domain=\"LEFIGARO\" target=\"_blank\" rel=\"noopener\">prisonnier<\/a>, lib\u00e9r\u00e9 du\u00a0<a href=\"http:\/\/www.lefigaro.fr\/bordeaux\/c-est-pousser-au-crime-des-bouteilles-de-vin-livrees-a-la-prison-de-bordeaux-gradignan-scandalisent-les-agents-penitentiaires-20250909\" data-fig-type=\"NewsFlash\" data-gtm-custom-categorie=\"navigation\" data-gtm-custom-action=\"crossclick\" data-gtm-custom-label=\"Contextuel\" data-gtm-event=\"customEventSPE\" data-fig-domain=\"LEFIGARO\" target=\"_blank\" rel=\"noopener\">centre p\u00e9nitentiaire<\/a>\u00a0de Bordeaux-Gradignan par erreur, \u00e9tait\u00a0<a href=\"http:\/\/www.lefigaro.fr\/bordeaux\/bordeaux-libere-de-prison-par-erreur-le-criminel-reste-introuvable-20250505\" data-fig-type=\"NewsFlash\" data-gtm-custom-categorie=\"navigation\" data-gtm-custom-action=\"crossclick\" data-gtm-custom-label=\"Contextuel\" data-gtm-event=\"customEventSPE\" data-fig-domain=\"LEFIGARO\" target=\"_blank\" rel=\"noopener\">en fuite\u00a0<\/a>depuis le 30 avril. Sa cavale s\u2019est achev\u00e9e dans un appart-h\u00f4tel \u00e0 Saint-Jean-d\u2019Illac (Gironde), o\u00f9 il a \u00e9t\u00e9 interpell\u00e9 par la police nationale le 3 septembre, apprend-on ce lundi aupr\u00e8s du parquet de Bordeaux. Le procureur Renaud Gaudeul, qui confirme une information r\u00e9v\u00e9l\u00e9e par France Info, pr\u00e9cise que \u00abl\u2019int\u00e9ress\u00e9 n\u2019est pas, en l\u2019\u00e9tat, poursuivi du chef d\u2019\u00e9vasion car il n\u2019est pas possible de d\u00e9montrer qu\u2019il a eu un r\u00f4le actif dans cette lib\u00e9ration.\u00bb<\/p>\n<p class=\"fig-paragraph\">L\u2019individu, Marouane K., qui avait \u00e9t\u00e9 confondu avec un autre d\u00e9tenu qui portait le m\u00eame nom, s\u2019\u00e9tait bien gard\u00e9 de signaler la b\u00e9vue de l\u2019administration p\u00e9nitentiaire. Mais \u00absa passivit\u00e9\u00bb ne suffit pas \u00e0 \u00abcaract\u00e9riser l\u2019infraction d\u2019\u00e9vasion\u00bb, explique le minist\u00e8re public. Au moment de sa fuite, le criminel \u00e9tait loin d\u2019avoir purg\u00e9 les condamnations dont il avait \u00e9cop\u00e9 en 2024\u00a0: 10 ans de prison pour \u00abvol avec violences ayant entra\u00een\u00e9 la mort\u00bb et 15 mois de r\u00e9tention suppl\u00e9mentaires pour plusieurs infractions routi\u00e8res.<\/p>\n","protected":false},"excerpt":{"rendered":"Le criminel, qui avait \u00e9t\u00e9 lib\u00e9r\u00e9 par erreur de la prison de Bordeaux-Gradignan en avril dernier, a \u00e9t\u00e9&hellip;\n","protected":false},"author":2,"featured_media":392546,"comment_status":"","ping_status":"","sticky":false,"template":"","format":"standard","meta":{"footnotes":""},"categories":[2817],"tags":[1111,11,1997,1777,674,1011,27,2825,303,12,2219,807,25],"class_list":{"0":"post-392545","1":"post","2":"type-post","3":"status-publish","4":"format-standard","5":"has-post-thumbnail","7":"category-bordeaux","8":"tag-actu","9":"tag-actualites","10":"tag-bordeaux","11":"tag-eu","12":"tag-europe","13":"tag-fr","14":"tag-france","15":"tag-insecurite","16":"tag-justice","17":"tag-news","18":"tag-nouvelle-aquitaine","19":"tag-prisonniers","20":"tag-republique-francaise"},"share_on_mastodon":{"url":"https:\/\/pubeurope.com\/@fr\/115208273528164872","error":""},"_links":{"self":[{"href":"https:\/\/www.europesays.com\/fr\/wp-json\/wp\/v2\/posts\/392545","targetHints":{"allow":["GET"]}}],"collection":[{"href":"https:\/\/www.europesays.com\/fr\/wp-json\/wp\/v2\/posts"}],"about":[{"href":"https:\/\/www.europesays.com\/fr\/wp-json\/wp\/v2\/types\/post"}],"author":[{"embeddable":true,"href":"https:\/\/www.europesays.com\/fr\/wp-json\/wp\/v2\/users\/2"}],"replies":[{"embeddable":true,"href":"https:\/\/www.europesays.com\/fr\/wp-json\/wp\/v2\/comments?post=392545"}],"version-history":[{"count":0,"href":"https:\/\/www.europesays.com\/fr\/wp-json\/wp\/v2\/posts\/392545\/revisions"}],"wp:featuredmedia":[{"embeddable":true,"href":"https:\/\/www.europesays.com\/fr\/wp-json\/wp\/v2\/media\/392546"}],"wp:attachment":[{"href":"https:\/\/www.europesays.com\/fr\/wp-json\/wp\/v2\/media?parent=392545"}],"wp:term":[{"taxonomy":"category","embeddable":true,"href":"https:\/\/www.europesays.com\/fr\/wp-json\/wp\/v2\/categories?post=392545"},{"taxonomy":"post_tag","embeddable":true,"href":"https:\/\/www.europesays.com\/fr\/wp-json\/wp\/v2\/tags?post=392545"}],"curies":[{"name":"wp","href":"https:\/\/api.w.org\/{rel}","templated":true}]}}