{"id":392547,"date":"2025-09-15T12:18:09","date_gmt":"2025-09-15T12:18:09","guid":{"rendered":"https:\/\/www.europesays.com\/fr\/392547\/"},"modified":"2025-09-15T12:18:09","modified_gmt":"2025-09-15T12:18:09","slug":"ils-se-donnent-rendez-vous-au-bar","status":"publish","type":"post","link":"https:\/\/www.europesays.com\/fr\/392547\/","title":{"rendered":"ils se donnent rendez-vous au bar"},"content":{"rendered":"<p>            Par<br \/>\n        <strong><br \/>\n            <a href=\"https:\/\/actu.fr\/auteur\/marie-lamarque\" title=\"Consulter tous les articles de Marie Lamarque\" target=\"_blank\" rel=\"noopener\">Marie Lamarque<\/a><br \/>\n        <\/strong><\/p>\n<p>        Publi\u00e9 le<\/p>\n<p>            15 sept. 2025 \u00e0 13h57        <\/p>\n<p>Trouver un emploi <a href=\"https:\/\/actu.fr\/toulouse\/\" target=\"_blank\" rel=\"noopener\">\u00e0 Toulouse<\/a>, en particulier dans le secteur de la communication, s\u2019av\u00e8re \u00eatre un v\u00e9ritable parcours du combattant. Dans la Ville rose, les offres sont prises d\u2019assaut et les charg\u00e9s de recrutement croulent sous des centaines de CV. Quand les candidats ont au moins une r\u00e9ponse, et ce, m\u00eame s\u2019il s\u2019agit d\u2019un refus, ils s\u2019estiment chanceux.<\/p>\n<p class=\" wall-content\">Contact\u00e9 par Actu Toulouse, Damien, 40 ans, \u00e9tait en recherche depuis mars 2025 et explique avoir adress\u00e9 <strong>plus de 130 candidatures<\/strong>. Jeudi 11 septembre 2025, il consulte sa bo\u00eete mail, comme \u00e0 son habitude, et tombe sur une \u00e9ni\u00e8me r\u00e9ponse n\u00e9gative. Quelque temps apr\u00e8s, il s\u2019aper\u00e7oit de la grossi\u00e8re erreur commise par le service RH de cette entreprise toulousaine : ce m\u00eame message a \u00e9t\u00e9 envoy\u00e9 en copie <strong>\u00e0 341 candidats<\/strong> sans cacher leurs adresses mails.<\/p>\n<p>\u00ab\u00a0Autant l\u2019annoncer \u00e0 toute la Terre\u00a0\u00bb<\/p>\n<p class=\" wall-content\">L\u2019anecdote a \u00e9t\u00e9 rapport\u00e9e par nos confr\u00e8res de <a href=\"https:\/\/www.ouest-france.fr\/leditiondusoir\/2025-09-12\/la-rh-envoie-un-refus-commun-a-340-candidats-ils-en-rient-et-se-donnent-rendez-vous-au-bar-04100081-d3d2-496f-a8a9-d83f33c7b08d\" target=\"_blank\" rel=\"noopener\">Ouest-France<\/a>. Damien ne le cache pas, elle vient s\u2019ajouter \u00e0 une longue liste de situations cocasses accumul\u00e9es au fil des recherches et des entretiens. \u00ab\u00a0Celle-ci, elle est pas mal\u00a0\u00bb, s\u2019amuse-t-il.<\/p>\n<p class=\" wall-content\">La maladresse a, bien \u00e9videmment, provoqu\u00e9 de multiples r\u00e9ponses par courriel. C\u2019est pratique, \u00ab\u00a0il suffit de cliquer sur \u2018r\u00e9pondre \u00e0 tous\u2019 \u00ab\u00a0, sourit le Toulousain.<\/p>\n<p class=\" wall-content\">Visiblement plus agac\u00e9s, certains se sont empress\u00e9s de faire remarquer \u00e0 l\u2019entreprise sa faute, soulignant <strong>un non-respect \u00e0 la vie priv\u00e9e<\/strong>. D\u2019autres pr\u00e9f\u00e8rent en rire. \u00ab\u00a0Ah bah bravo [\u2026] J\u2019en suis \u00e0 mon 18 837 737e refus, donc autant l\u2019annoncer \u00e0 toute la Terre. Je suis plus \u00e0 \u00e7a pr\u00e8s [\u2026]. Bonne journ\u00e9e\u00a0\u00bb, \u00e9crit ce candidat.<\/p>\n<p>Vid\u00e9os : en ce moment sur ActuUn march\u00e9 de l\u2019emploi satur\u00e9<\/p>\n<p class=\" wall-content\">Il y a aussi les messages de soutien et d\u2019encouragement : \u00ab\u00a0je suis convaincue qu\u2019une place nous attend tous quelque part. Ne perdez pas espoir et poursuivez vos efforts\u00a0\u00bb, \u00e9crit un autre candidat.<\/p>\n<p class=\" wall-content\">Car si la situation peut faire sourire, elle est aussi r\u00e9v\u00e9latrice d\u2019une saturation du march\u00e9 de l\u2019emploi dans le secteur. \u00ab\u00a0J\u2019avais postul\u00e9 en juillet pour ce <strong>poste de charg\u00e9 de communication digitale en CDD<\/strong>. J\u2019imagine que l\u2019entreprise est arriv\u00e9e au bout de son processus de recrutement quand elle a adress\u00e9 ce mail le 11 septembre, explique Damien. On se bat r\u00e9guli\u00e8rement \u00e0, au moins 300, sur ce type d\u2019annonce. Nous, candidats, on nous explique qu\u2019on doit sortir du lot, et de l\u2019autre c\u00f4t\u00e9, les RH sont sous l\u2019eau. La moiti\u00e9 de mes candidatures envoy\u00e9es reste sans r\u00e9ponse. On a du mal \u00e0 avoir les raisons de notre refus, on a peu d\u2019infos pour savoir ce qui a p\u00each\u00e9\u00a0\u00bb.<\/p>\n<p>Votre r\u00e9gion, votre actu !<\/p>\n<p>Recevez chaque jour les infos qui comptent pour vous.<\/p>\n<p>\t<a href=\"https:\/\/actu.fr\/newsletter\" class=\"ac-btn ac-btn--corner ac-btn--medium ac-btn--blue800\" target=\"_blank\" rel=\"noopener\">S&rsquo;incrire<\/a><br \/>\nLes 341 candidats se donnent rendez-vous<\/p>\n<p class=\" wall-content\">Alors, quitte \u00e0 \u00eatre \u00ab\u00a0dans le m\u00eame bateau\u00a0\u00bb, une id\u00e9e originale \u00e9merge chez les<strong> 341 postulants<\/strong> rest\u00e9s sur le carreau : se donner rendez-vous dans un bar toulousain et \u00ab\u00a0prendre \u00e7a \u00e0 la rigolade, en tirer du positif\u00a0\u00bb, souligne Damien.<\/p>\n<p class=\" wall-content\">La date du 1er octobre a \u00e9t\u00e9 fix\u00e9e. Le lieu, quant \u00e0 lui, n\u2019est pas encore d\u00e9fini. \u00ab\u00a0On attend de voir le volume final de personnes pr\u00e9sentes. On sera au minimum 40\u00a0\u00bb, indique le Toulousain. Et d\u2019ajouter que ce rendez-vous permettra aussi \u00ab\u00a0de se cr\u00e9er du r\u00e9seau. Car on sait que c\u2019est aussi comme \u00e7a que \u00e7a marche\u00a0\u00bb.<\/p>\n<p class=\" wall-content\">Plut\u00f4t que de \u00ab\u00a0traverser la rue\u00a0\u00bb, peut-\u00eatre faut-il sortir dans les bars pour trouver du travail ?<\/p>\n<p class=\" wall-content\">Personnalisez votre actualit\u00e9 en ajoutant vos villes et m\u00e9dias en favori avec <a href=\"https:\/\/moncompte.actu.fr\" title=\"D\u00e9couvez Mon Actu\" rel=\"nofollow noopener\" data-trk=\"{&quot;cta&quot;:{&quot;action&quot;:&quot;https:\\\/\\\/moncompte.actu.fr&quot;,&quot;category&quot;:&quot;mon compte&quot;,&quot;from&quot;:&quot;article footer&quot;,&quot;name&quot;:&quot;Mon actu&quot;,&quot;type&quot;:&quot;cta&quot;}}\" target=\"_blank\">Mon Actu<\/a>.<\/p>\n","protected":false},"excerpt":{"rendered":"Par Marie Lamarque Publi\u00e9 le 15 sept. 2025 \u00e0 13h57 Trouver un emploi \u00e0 Toulouse, en particulier dans&hellip;\n","protected":false},"author":2,"featured_media":392548,"comment_status":"","ping_status":"","sticky":false,"template":"","format":"standard","meta":{"footnotes":""},"categories":[2816],"tags":[1111,11,341,1777,674,1011,27,12,2680,25,104,2312],"class_list":{"0":"post-392547","1":"post","2":"type-post","3":"status-publish","4":"format-standard","5":"has-post-thumbnail","7":"category-toulouse","8":"tag-actu","9":"tag-actualites","10":"tag-emploi","11":"tag-eu","12":"tag-europe","13":"tag-fr","14":"tag-france","15":"tag-news","16":"tag-occitanie","17":"tag-republique-francaise","18":"tag-societe","19":"tag-toulouse"},"share_on_mastodon":{"url":"https:\/\/pubeurope.com\/@fr\/115208277500200344","error":""},"_links":{"self":[{"href":"https:\/\/www.europesays.com\/fr\/wp-json\/wp\/v2\/posts\/392547","targetHints":{"allow":["GET"]}}],"collection":[{"href":"https:\/\/www.europesays.com\/fr\/wp-json\/wp\/v2\/posts"}],"about":[{"href":"https:\/\/www.europesays.com\/fr\/wp-json\/wp\/v2\/types\/post"}],"author":[{"embeddable":true,"href":"https:\/\/www.europesays.com\/fr\/wp-json\/wp\/v2\/users\/2"}],"replies":[{"embeddable":true,"href":"https:\/\/www.europesays.com\/fr\/wp-json\/wp\/v2\/comments?post=392547"}],"version-history":[{"count":0,"href":"https:\/\/www.europesays.com\/fr\/wp-json\/wp\/v2\/posts\/392547\/revisions"}],"wp:featuredmedia":[{"embeddable":true,"href":"https:\/\/www.europesays.com\/fr\/wp-json\/wp\/v2\/media\/392548"}],"wp:attachment":[{"href":"https:\/\/www.europesays.com\/fr\/wp-json\/wp\/v2\/media?parent=392547"}],"wp:term":[{"taxonomy":"category","embeddable":true,"href":"https:\/\/www.europesays.com\/fr\/wp-json\/wp\/v2\/categories?post=392547"},{"taxonomy":"post_tag","embeddable":true,"href":"https:\/\/www.europesays.com\/fr\/wp-json\/wp\/v2\/tags?post=392547"}],"curies":[{"name":"wp","href":"https:\/\/api.w.org\/{rel}","templated":true}]}}