{"id":392549,"date":"2025-09-15T12:19:13","date_gmt":"2025-09-15T12:19:13","guid":{"rendered":"https:\/\/www.europesays.com\/fr\/392549\/"},"modified":"2025-09-15T12:19:13","modified_gmt":"2025-09-15T12:19:13","slug":"a-toulouse-la-police-deboule-en-plein-cambriolage-lun-des-voleurs-est-surpris-avec-un-coffre-fort-dans-les-bras","status":"publish","type":"post","link":"https:\/\/www.europesays.com\/fr\/392549\/","title":{"rendered":"\u00c0 Toulouse, la police d\u00e9boule en plein cambriolage\u00a0: l\u2019un des voleurs est surpris avec\u2026 un coffre-fort dans les bras\u00a0!"},"content":{"rendered":"<p>\n                                                                    l&rsquo;essentiel<br \/>\n                                                                Ils pillaient un bar afterwork et son magasin lorsque la police est intervenue, \u00e0 Toulouse. L\u2019un des voleurs portait encore un coffre-fort dans ses bras\u00a0!\n                            <\/p>\n<p>Un t\u00e9moin qui passait dans le secteur les a aper\u00e7us et alert\u00e9 le 17. Dimanche 14\u00a0septembre, vers 20\u00a0heures, une demi-douzaine de (jeunes) individus ont p\u00e9n\u00e9tr\u00e9 par effraction dans un bar sp\u00e9cialis\u00e9 dans les soir\u00e9es afterwork, quartier Purpan, \u00e0 Toulouse.<\/p>\n<p>\u00ab\u00a0A priori, ils sont pass\u00e9s par la terrasse de l\u2019\u00e9tablissement, \u00e0 l\u2019\u00e9tage, pour fracturer une porte et investir les lieux\u00a0\u00bb, d\u00e9taille une source proche du dossier.<\/p>\n<p>Surpris en pleine razzia<\/p>\n<p>Les policiers de la brigade anticriminalit\u00e9 Mirail ont fonc\u00e9\u00a0sur place et surpris les voleurs en pleine razzia dans le magasin jouxtant le bar.<\/p>\n<p>        <img decoding=\"async\" class=\"std-img__img responsive-img\" src=\"https:\/\/www.europesays.com\/fr\/wp-content\/uploads\/2025\/09\/1757938753_139_image.jpg\" alt=\"Les policiers de la BAC sont intervenus en flagrant d\u00e9lit\"\/><\/p>\n<p>                Les policiers de la BAC sont intervenus en flagrant d\u00e9lit<br \/>\n                                    DDM\/Illustration &#8211; MICHEL LABONNE<\/p>\n<p>Bouteilles d\u2019alcool, tablettes, t\u00e9l\u00e9phones, terminaux de paiement\u2026 L\u2019un d\u2019eux a \u00e9t\u00e9 intercept\u00e9 alors qu\u2019il tentait de s\u2019enfuir avec\u00a0un coffre-fort dans les bras\u00a0! La petite bande a \u00e9t\u00e9 interpell\u00e9e et ramen\u00e9e au commissariat.<\/p>\n<p>\u00c2g\u00e9s de 12 \u00e0 16 ans<\/p>\n<p>Un gar\u00e7on de 12 ans a \u00e9t\u00e9 plac\u00e9 en retenue, comme la loi le requiert pour les mineurs de moins de 13 ans. Ses cinq complices, dont le plus \u00e2g\u00e9 a 16 ans, ont fini en garde \u00e0 vue.<\/p>\n<p>Comme dans l\u2019affaire qui agite ces temps-ci <a href=\"https:\/\/www.ladepeche.fr\/2025\/09\/14\/info-la-depeche-il-faut-que-ca-sarrete-dans-lhypercentre-de-toulouse-des-commercants-denoncent-limpunite-dune-bande-de-tres-jeunes-voleurs-12927201.php\" target=\"_self\" rel=\"nofollow noopener\">des commer\u00e7ants du quartier de la Bourse<\/a>, en centre-ville de Toulouse, il s\u2019agit une fois encore de tr\u00e8s jeunes auteurs pr\u00e9sum\u00e9s. \u00ab\u00a0Certains sont domicili\u00e9s dans le quartier\u00a0\u00bb, soupire notre source. L\u2019enqu\u00eate se poursuit.<\/p>\n","protected":false},"excerpt":{"rendered":"l&rsquo;essentiel Ils pillaient un bar afterwork et son magasin lorsque la police est intervenue, \u00e0 Toulouse. L\u2019un des&hellip;\n","protected":false},"author":2,"featured_media":392550,"comment_status":"","ping_status":"","sticky":false,"template":"","format":"standard","meta":{"footnotes":""},"categories":[2816],"tags":[1111,11,1777,674,1011,27,12,2680,25,2312],"class_list":{"0":"post-392549","1":"post","2":"type-post","3":"status-publish","4":"format-standard","5":"has-post-thumbnail","7":"category-toulouse","8":"tag-actu","9":"tag-actualites","10":"tag-eu","11":"tag-europe","12":"tag-fr","13":"tag-france","14":"tag-news","15":"tag-occitanie","16":"tag-republique-francaise","17":"tag-toulouse"},"share_on_mastodon":{"url":"https:\/\/pubeurope.com\/@fr\/115208282090883372","error":""},"_links":{"self":[{"href":"https:\/\/www.europesays.com\/fr\/wp-json\/wp\/v2\/posts\/392549","targetHints":{"allow":["GET"]}}],"collection":[{"href":"https:\/\/www.europesays.com\/fr\/wp-json\/wp\/v2\/posts"}],"about":[{"href":"https:\/\/www.europesays.com\/fr\/wp-json\/wp\/v2\/types\/post"}],"author":[{"embeddable":true,"href":"https:\/\/www.europesays.com\/fr\/wp-json\/wp\/v2\/users\/2"}],"replies":[{"embeddable":true,"href":"https:\/\/www.europesays.com\/fr\/wp-json\/wp\/v2\/comments?post=392549"}],"version-history":[{"count":0,"href":"https:\/\/www.europesays.com\/fr\/wp-json\/wp\/v2\/posts\/392549\/revisions"}],"wp:featuredmedia":[{"embeddable":true,"href":"https:\/\/www.europesays.com\/fr\/wp-json\/wp\/v2\/media\/392550"}],"wp:attachment":[{"href":"https:\/\/www.europesays.com\/fr\/wp-json\/wp\/v2\/media?parent=392549"}],"wp:term":[{"taxonomy":"category","embeddable":true,"href":"https:\/\/www.europesays.com\/fr\/wp-json\/wp\/v2\/categories?post=392549"},{"taxonomy":"post_tag","embeddable":true,"href":"https:\/\/www.europesays.com\/fr\/wp-json\/wp\/v2\/tags?post=392549"}],"curies":[{"name":"wp","href":"https:\/\/api.w.org\/{rel}","templated":true}]}}