{"id":392551,"date":"2025-09-15T12:20:36","date_gmt":"2025-09-15T12:20:36","guid":{"rendered":"https:\/\/www.europesays.com\/fr\/392551\/"},"modified":"2025-09-15T12:20:36","modified_gmt":"2025-09-15T12:20:36","slug":"une-tradition-populaire-leblog2roubaix-com","status":"publish","type":"post","link":"https:\/\/www.europesays.com\/fr\/392551\/","title":{"rendered":"Une tradition populaire \u2013 LEBLOG2ROUBAIX.COM"},"content":{"rendered":"<\/p>\n<p class=\"has-text-align-justify\">Si vous vous baladez dans le quartier du Fresnoy-Mackellerie, vous pourriez entendre parler d\u2019une f\u00eate locale : \u00ab\u00a0la F\u00eate du Veau d\u2019Or\u00a0\u00bb. C\u2019est une v\u00e9ritable institution qui anime le quartier, perp\u00e9tuant une tradition festive et conviviale depuis de nombreuses ann\u00e9es. Cet \u00e9v\u00e9nement fut cr\u00e9\u00e9 par <strong>Henri Isebaert<\/strong>, le p\u00e8re de <strong>Jean-Claude Isebaert<\/strong>, figure embl\u00e9matique et pr\u00e9sident du Comit\u00e9 des F\u00eates et du Comit\u00e9 de Quartier du Fresnoy-Mackellerie. <\/p>\n<p class=\"has-text-align-justify\">La F\u00eate du Veau d\u2019Or est un carnaval au d\u00e9fil\u00e9 joyeux et color\u00e9 qui traverse les rues du quartier. On peut y voir des habitants d\u00e9guis\u00e9s, des compagnies musicales comme les \u00ab\u00a0D\u00e9glingu\u00e9s\u00a0\u00bb, et bien s\u00fbr, la Confr\u00e9rie Carnavalesque Roubaisienne.<\/p>\n<p>Nous y avons rencontr\u00e9 <strong>Francis Vanhoorde<\/strong>, b\u00e9n\u00e9vole du Comit\u00e9 de Quartier du Fresnoy Mackellerie, qui nous a pr\u00e9sent\u00e9 les origines de cette f\u00eate tr\u00e8s populaire. <\/p>\n<p class=\"has-pale-ocean-gradient-background has-background\">Le nom de la f\u00eate, \u00ab\u00a0Veau d\u2019Or\u00a0\u00bb, viendrait du nom d\u2019un ancien estaminet situ\u00e9 rue du Fresnoy. L\u2019\u00e9v\u00e9nement est un hommage \u00e0 la m\u00e9moire du quartier et \u00e0 ses habitants.<\/p>\n<p>\tEn savoir plus sur LEBLOG2ROUBAIX.COM<\/p>\n<p class=\"has-text-align-center\" style=\"margin-top:10px;margin-bottom:10px;font-size:15px\">Abonnez-vous pour recevoir les derniers articles par e-mail.<\/p>\n<p>Vous aimez cet article ? Partagez-le sur vos r\u00e9seaux sociaux, \u00e7a nous aide ! Merci !<\/p>\n<p>\n\tSimilaire<\/p>\n","protected":false},"excerpt":{"rendered":"Si vous vous baladez dans le quartier du Fresnoy-Mackellerie, vous pourriez entendre parler d\u2019une f\u00eate locale : \u00ab\u00a0la&hellip;\n","protected":false},"author":2,"featured_media":392552,"comment_status":"","ping_status":"","sticky":false,"template":"","format":"standard","meta":{"footnotes":""},"categories":[2815],"tags":[1111,11,1777,674,1011,27,811,1307,12,25],"class_list":{"0":"post-392551","1":"post","2":"type-post","3":"status-publish","4":"format-standard","5":"has-post-thumbnail","7":"category-lille","8":"tag-actu","9":"tag-actualites","10":"tag-eu","11":"tag-europe","12":"tag-fr","13":"tag-france","14":"tag-hauts-de-france","15":"tag-lille","16":"tag-news","17":"tag-republique-francaise"},"share_on_mastodon":{"url":"https:\/\/pubeurope.com\/@fr\/115208285288823423","error":""},"_links":{"self":[{"href":"https:\/\/www.europesays.com\/fr\/wp-json\/wp\/v2\/posts\/392551","targetHints":{"allow":["GET"]}}],"collection":[{"href":"https:\/\/www.europesays.com\/fr\/wp-json\/wp\/v2\/posts"}],"about":[{"href":"https:\/\/www.europesays.com\/fr\/wp-json\/wp\/v2\/types\/post"}],"author":[{"embeddable":true,"href":"https:\/\/www.europesays.com\/fr\/wp-json\/wp\/v2\/users\/2"}],"replies":[{"embeddable":true,"href":"https:\/\/www.europesays.com\/fr\/wp-json\/wp\/v2\/comments?post=392551"}],"version-history":[{"count":0,"href":"https:\/\/www.europesays.com\/fr\/wp-json\/wp\/v2\/posts\/392551\/revisions"}],"wp:featuredmedia":[{"embeddable":true,"href":"https:\/\/www.europesays.com\/fr\/wp-json\/wp\/v2\/media\/392552"}],"wp:attachment":[{"href":"https:\/\/www.europesays.com\/fr\/wp-json\/wp\/v2\/media?parent=392551"}],"wp:term":[{"taxonomy":"category","embeddable":true,"href":"https:\/\/www.europesays.com\/fr\/wp-json\/wp\/v2\/categories?post=392551"},{"taxonomy":"post_tag","embeddable":true,"href":"https:\/\/www.europesays.com\/fr\/wp-json\/wp\/v2\/tags?post=392551"}],"curies":[{"name":"wp","href":"https:\/\/api.w.org\/{rel}","templated":true}]}}