{"id":392553,"date":"2025-09-15T12:22:21","date_gmt":"2025-09-15T12:22:21","guid":{"rendered":"https:\/\/www.europesays.com\/fr\/392553\/"},"modified":"2025-09-15T12:22:21","modified_gmt":"2025-09-15T12:22:21","slug":"walid-acherchour-met-une-enorme-pression-a-lom-et-lille","status":"publish","type":"post","link":"https:\/\/www.europesays.com\/fr\/392553\/","title":{"rendered":"Walid Acherchour met une \u00e9norme pression \u00e0 l&rsquo;OM et Lille"},"content":{"rendered":"<p><b>Plomb\u00e9 par les blessures, le PSG doit faire face \u00e0 un calendrier costaud avec l\u2019Atalanta puis le Bar\u00e7a en Ligue des Champions. En Ligue 1 aussi, le programme est charg\u00e9 avec l\u2019OM et Lille lors des trois prochains matchs.<\/b><\/p>\n<p>Comptablement, tout va bien dans le meilleur des mondes pour le <a href=\"https:\/\/www.foot01.com\/paris\/le-psg-paie-son-mercato-les-dirigeants-accuses\" target=\"_self\" rel=\"nofollow noopener\">Paris Saint-Germain<\/a>. Vainqueur au Parc des Princes contre Lens dimanche apr\u00e8s-midi (2-0), l\u2019\u00e9quipe de Luis Enrique compte douze points en quatre matchs. Le bilan est parfait, mais l\u2019effectif se r\u00e9duit au fil des semaines. Apr\u00e8s avoir perdu Demb\u00e9l\u00e9 et Dou\u00e9 durant la tr\u00eave internationale, le PSG a vu Beraldo, Kvaratskhelia et Kang-in Lee se blesser face aux Sang et Or.<\/p>\n<p>Avec un effectif si d\u00e9cim\u00e9, le Paris SG ne devrait pas se balader contre l\u2019OM et Lille, deux des trois prochains adversaires du club parisien en Ligue 1. C\u2019est tout du moins ce que Walid Acherchour esp\u00e8re. Sur les ondes de RMC, le consultant a mis une grosse pression sur Marseille et le LOSC, affirmant que ces deux clubs du haut de tableau devaient \u00eatre en mesure de profiter des absences dans les rangs parisiens pour mettre en difficult\u00e9 l\u2019\u00e9quipe de Luis Enrique.<\/p>\n<blockquote class=\"text-xl text-left font-medium text-gray-700 dark:text-gray-300\"><p>Je vais \u00eatre exigeant envers l&rsquo;OM et Lille parce que se faire taper par ce PSG d\u00e9cim\u00e9&#8230;<\/p><\/blockquote>\n<p>&#8211; Walid Acherchour\u00ab\u00a0On dit qu\u2019on s\u2019en fout de la Ligue 1 pour le PSG, mais l\u00e0 ils vont \u00e0 <a href=\"https:\/\/www.foot01.com\/ligue1\/l1-lequipe-type-avec-barcola-greenwood-et-pavard\" target=\"_self\" rel=\"nofollow noopener\">Marseille<\/a> et Lille avec une \u00e9quipe \u00e9reint\u00e9e et d\u00e9cim\u00e9e. Je vais \u00eatre exigeant envers les adversaires du PSG parce que se faire taper par ce Paris-l\u00e0 \u00e0 cloche-pied, \u00e0 un moment donn\u00e9 \u00e7a va suffire. Il faut un minimum de cr\u00e9dibilit\u00e9 sur notre Ligue 1. Je n\u2019attends pas que l\u2019OM leur marche dessus, mais au moins qu\u2019ils fassent un vrai match, pas que le PSG gagne \u00e0 cloche-pied au V\u00e9lodrome  \u00bb juge Walid Acherchour avant de poursuivre.<\/p>\n<p>\u00ab Ce serait une honte, et Lille la m\u00eame chose. Sima, Guilavogui et Edouard \u00e0 Lens, qu\u2019est-ce qu\u2019ils mangent comme mauvais choix sur la rencontre, on dirait qu\u2019ils le faisaient expr\u00e8s alors qu\u2019ils pouvaient \u00e9galiser contre le PSG\u00a0\u00bb\u00a0 a analys\u00e9 dans l\u2019After Foot le consultant, tr\u00e8s exigeant envers des clubs du calibre de l\u2019OM et de Lille et qui estime que la cr\u00e9dibilit\u00e9 de la Ligue 1 en prendrait un gros coup si ces deux \u00e9quipes s\u2019inclinaient largement face \u00e0 un PSG tr\u00e8s diminu\u00e9. Premiers \u00e9l\u00e9ments de r\u00e9ponse d\u00e8s dimanche prochain \u00e0 l\u2019occasion du grand classique de la Ligue 1 au V\u00e9lodrome.<\/p>\n<p><img decoding=\"async\" class=\"w-6 h-6\" src=\"https:\/\/www.europesays.com\/fr\/wp-content\/uploads\/2025\/09\/301.png\" alt=\"\"\/>Ligue 121 septembre 2025 \u00e0 20:45<\/p>\n","protected":false},"excerpt":{"rendered":"Plomb\u00e9 par les blessures, le PSG doit faire face \u00e0 un calendrier costaud avec l\u2019Atalanta puis le Bar\u00e7a&hellip;\n","protected":false},"author":2,"featured_media":392554,"comment_status":"","ping_status":"","sticky":false,"template":"","format":"standard","meta":{"footnotes":""},"categories":[2815],"tags":[1111,11,1777,674,1011,27,811,1307,12,25],"class_list":{"0":"post-392553","1":"post","2":"type-post","3":"status-publish","4":"format-standard","5":"has-post-thumbnail","7":"category-lille","8":"tag-actu","9":"tag-actualites","10":"tag-eu","11":"tag-europe","12":"tag-fr","13":"tag-france","14":"tag-hauts-de-france","15":"tag-lille","16":"tag-news","17":"tag-republique-francaise"},"share_on_mastodon":{"url":"https:\/\/pubeurope.com\/@fr\/115208293963982936","error":""},"_links":{"self":[{"href":"https:\/\/www.europesays.com\/fr\/wp-json\/wp\/v2\/posts\/392553","targetHints":{"allow":["GET"]}}],"collection":[{"href":"https:\/\/www.europesays.com\/fr\/wp-json\/wp\/v2\/posts"}],"about":[{"href":"https:\/\/www.europesays.com\/fr\/wp-json\/wp\/v2\/types\/post"}],"author":[{"embeddable":true,"href":"https:\/\/www.europesays.com\/fr\/wp-json\/wp\/v2\/users\/2"}],"replies":[{"embeddable":true,"href":"https:\/\/www.europesays.com\/fr\/wp-json\/wp\/v2\/comments?post=392553"}],"version-history":[{"count":0,"href":"https:\/\/www.europesays.com\/fr\/wp-json\/wp\/v2\/posts\/392553\/revisions"}],"wp:featuredmedia":[{"embeddable":true,"href":"https:\/\/www.europesays.com\/fr\/wp-json\/wp\/v2\/media\/392554"}],"wp:attachment":[{"href":"https:\/\/www.europesays.com\/fr\/wp-json\/wp\/v2\/media?parent=392553"}],"wp:term":[{"taxonomy":"category","embeddable":true,"href":"https:\/\/www.europesays.com\/fr\/wp-json\/wp\/v2\/categories?post=392553"},{"taxonomy":"post_tag","embeddable":true,"href":"https:\/\/www.europesays.com\/fr\/wp-json\/wp\/v2\/tags?post=392553"}],"curies":[{"name":"wp","href":"https:\/\/api.w.org\/{rel}","templated":true}]}}