{"id":392555,"date":"2025-09-15T12:23:14","date_gmt":"2025-09-15T12:23:14","guid":{"rendered":"https:\/\/www.europesays.com\/fr\/392555\/"},"modified":"2025-09-15T12:23:14","modified_gmt":"2025-09-15T12:23:14","slug":"le-palais-de-la-bourse-ouvre-ses-portes-pour-les-journees-du-patrimoine-du-20-09-2025-au-21-09-2025-marseille","status":"publish","type":"post","link":"https:\/\/www.europesays.com\/fr\/392555\/","title":{"rendered":"Le Palais de la Bourse ouvre ses portes pour les Journ\u00e9es du Patrimoine &#8211; Du 20\/09\/2025 au 21\/09\/2025 &#8211; Marseille"},"content":{"rendered":"<p><strong>La CCI m\u00e9tropolitaine Aix-Marseille-Provence, \u00ab doyenne \u00bb des Chambres de Commerce, ouvre les portes du Palais de la Bourse \u00e0 l\u2019occasion des Journ\u00e9es Europ\u00e9ennes du Patrimoine\u2026<\/strong><\/p>\n<p>&#13;<\/p>\n<p>Le public est invit\u00e9 \u00e0 d\u00e9couvrir le b\u00e2timent construit par l\u2019architecte Pascal-Xavier Coste et inaugur\u00e9 le 10 septembre 1860 par Napol\u00e9on III et l\u2019imp\u00e9ratrice Eug\u00e9nie.<\/p>\n<p>&#13;<\/p>\n<p>Ce chef-d&rsquo;\u0153uvre architectural h\u00e9berge d\u00e8s lors la plus ancienne assembl\u00e9e consulaire du monde et devient rapidement le Parlement de l\u2019\u00e9conomie.<\/p>\n<p>&#13;<br \/>\nAu programme des Journ\u00e9es du Patrimoine au\u00a0Palais de la Bourse&#13;<\/p>\n<p><strong>10:00 \/ 12:00 Atelier dessin dans le Grand Hall<\/strong><br \/>Venez vous initier au dessin d&rsquo;architecture \u00e0 travers un cours donn\u00e9 au c\u0153ur du Palais de la Bourse. Ses d\u00e9tails n&rsquo;auront plus de secrets pour vous !<\/p>\n<p>&#13;<\/p>\n<p>Samedi et dimanche\u00a0sur inscription. <br \/> Aucune inscription ne sera possible sur place !<br \/>Atelier destin\u00e9 \u00e0 un public adulte.<\/p>\n<p>&#8212;&#8212;&#8212;&#8212;<\/p>\n<p>&#13;<\/p>\n<p><strong>11:00 \/ 12:00 Conf\u00e9rence architecturale\u00a0<\/strong><br \/>Venez d\u00e9couvrir l&rsquo;architecture du Palais de la Bourse lors d&rsquo;une conf\u00e9rence in\u00e9dite dans la salle des s\u00e9ances, anim\u00e9e par un recenseur des monuments historiques.<\/p>\n<p>Samedi sur inscription uniquement.<br \/>Aucune inscription ne sera possible sur place !<br \/>Conf\u00e9rence destin\u00e9e \u00e0 un public adulte.\u00a0<\/p>\n<p>&#13;<\/p>\n<p>\u00a0&#8212;&#8212;&#8212;&#8212;<\/p>\n<p>&#13;<\/p>\n<p><strong>12:00 \/ 17:30 Palais en libre acc\u00e8s<\/strong><br \/>Venez pousser les portes du Palais de la Bourse en famille ou entre amis, et d\u00e9couvrez<strong> la Premi\u00e8re Chambre de commerce du monde<\/strong> \u00e0 travers un livret p\u00e9dagogique et des coloriages accessibles \u00e0 tous, \u00e0 r\u00e9cup\u00e9rer sur place.<br \/>Samedi et dimanche sans inscription.<\/p>\n<p>&#13;<\/p>\n<p>\u00a0<\/p>\n<p>&#13;<\/p>\n<p><a href=\"https:\/\/www.cciamp.com\/evenement\/journees-europeennes-du-patrimoine-2025\" target=\"_blank\" rel=\"nofollow noopener\">Infos et r\u00e9servation<\/a><\/p>\n<p>&#13;<\/p>\n<p>\u00a0<\/p>\n<p>&#13;<\/p>\n","protected":false},"excerpt":{"rendered":"La CCI m\u00e9tropolitaine Aix-Marseille-Provence, \u00ab doyenne \u00bb des Chambres de Commerce, ouvre les portes du Palais de la&hellip;\n","protected":false},"author":2,"featured_media":392556,"comment_status":"","ping_status":"","sticky":false,"template":"","format":"standard","meta":{"footnotes":""},"categories":[2814],"tags":[1111,11,1777,674,1011,27,884,12,882,25],"class_list":{"0":"post-392555","1":"post","2":"type-post","3":"status-publish","4":"format-standard","5":"has-post-thumbnail","7":"category-marseille","8":"tag-actu","9":"tag-actualites","10":"tag-eu","11":"tag-europe","12":"tag-fr","13":"tag-france","14":"tag-marseille","15":"tag-news","16":"tag-provence-alpes-cote-dazur","17":"tag-republique-francaise"},"share_on_mastodon":{"url":"https:\/\/pubeurope.com\/@fr\/115208297080981226","error":""},"_links":{"self":[{"href":"https:\/\/www.europesays.com\/fr\/wp-json\/wp\/v2\/posts\/392555","targetHints":{"allow":["GET"]}}],"collection":[{"href":"https:\/\/www.europesays.com\/fr\/wp-json\/wp\/v2\/posts"}],"about":[{"href":"https:\/\/www.europesays.com\/fr\/wp-json\/wp\/v2\/types\/post"}],"author":[{"embeddable":true,"href":"https:\/\/www.europesays.com\/fr\/wp-json\/wp\/v2\/users\/2"}],"replies":[{"embeddable":true,"href":"https:\/\/www.europesays.com\/fr\/wp-json\/wp\/v2\/comments?post=392555"}],"version-history":[{"count":0,"href":"https:\/\/www.europesays.com\/fr\/wp-json\/wp\/v2\/posts\/392555\/revisions"}],"wp:featuredmedia":[{"embeddable":true,"href":"https:\/\/www.europesays.com\/fr\/wp-json\/wp\/v2\/media\/392556"}],"wp:attachment":[{"href":"https:\/\/www.europesays.com\/fr\/wp-json\/wp\/v2\/media?parent=392555"}],"wp:term":[{"taxonomy":"category","embeddable":true,"href":"https:\/\/www.europesays.com\/fr\/wp-json\/wp\/v2\/categories?post=392555"},{"taxonomy":"post_tag","embeddable":true,"href":"https:\/\/www.europesays.com\/fr\/wp-json\/wp\/v2\/tags?post=392555"}],"curies":[{"name":"wp","href":"https:\/\/api.w.org\/{rel}","templated":true}]}}