{"id":392557,"date":"2025-09-15T12:24:25","date_gmt":"2025-09-15T12:24:25","guid":{"rendered":"https:\/\/www.europesays.com\/fr\/392557\/"},"modified":"2025-09-15T12:24:25","modified_gmt":"2025-09-15T12:24:25","slug":"a-marseille-des-tirs-eclatent-au-milieu-dun-quartier-pavillonnaire","status":"publish","type":"post","link":"https:\/\/www.europesays.com\/fr\/392557\/","title":{"rendered":"\u00c0 Marseille, des tirs \u00e9clatent au milieu d\u2019un quartier pavillonnaire"},"content":{"rendered":"<p>Un v\u00e9hicule gar\u00e9 sur les lieux a \u00e9t\u00e9 retrouv\u00e9 cribl\u00e9 de balles, mais les tirs n\u2019ont fait aucun bless\u00e9. La piste d\u2019une attaque sur fond de trafic de stup\u00e9fiants est envisag\u00e9e par les forces de l\u2019ordre.<\/p>\n<p class=\"fig-paragraph\">Des\u00a0<a href=\"http:\/\/www.lefigaro.fr\/marseille\/un-profil-de-psychopathe-pres-de-marseille-un-chasseur-suspecte-d-avoir-tire-sur-le-chat-et-le-chien-de-sa-voisine-20250822\" data-fig-type=\"NewsFlash\" data-gtm-custom-categorie=\"navigation\" data-gtm-custom-action=\"crossclick\" data-gtm-custom-label=\"Contextuel\" data-gtm-event=\"customEventSPE\" data-fig-domain=\"LEFIGARO\" target=\"_blank\" rel=\"noopener\">tirs<\/a>\u00a0d\u2019arme \u00e0 feu en plein milieu d\u2019un quartier pavillonnaire de Marseille. Dans la nuit de dimanche \u00e0 lundi, plusieurs coups de feu ont \u00e9t\u00e9 tir\u00e9s en pleine rue dans le 10e arrondissement de la cit\u00e9 phoc\u00e9enne, a appris Le Figaro d\u2019une source polici\u00e8re, confirmant une information de\u00a0<a href=\"https:\/\/www.laprovence.com\/article\/faits-divers-justice\/34139272374944\/une-maison-ciblee-par-des-coups-de-feu-dans-le-quartier-de-saint-loup-a-marseille\" target=\"_blank\" rel=\"sponsored noopener\" data-gtm-custom-categorie=\"navigation\" data-gtm-custom-action=\"crossclick\" data-gtm-custom-label=\"Contextuel\" data-gtm-event=\"customEventSPE\">La Provence<\/a> .<\/p>\n<p class=\"fig-paragraph\">Selon cette source, un v\u00e9hicule a \u00e9t\u00e9 cribl\u00e9 de balles. Les tirs sont intervenus aux alentours de 23 heures le long du boulevard Achille Marcel, situ\u00e9 dans le quartier de Saint-Loup, d\u00e9clenchant une intervention des forces de l\u2019ordre. Aucune personne n\u2019a \u00e9t\u00e9 bless\u00e9e au cours de l\u2019attaque, visiblement perp\u00e9tr\u00e9e sur fond de\u00a0<a href=\"http:\/\/www.lefigaro.fr\/actualite-france\/de-logements-touristiques-a-lieux-de-stockage-de-stupefiants-les-airbnbeuh-ces-nouvelles-caches-du-trafic-de-drogue-20250808\" data-fig-type=\"Article\" data-gtm-custom-categorie=\"navigation\" data-gtm-custom-action=\"crossclick\" data-gtm-custom-label=\"Contextuel\" data-gtm-event=\"customEventSPE\" data-fig-domain=\"LEFIGARO\" target=\"_blank\" rel=\"noopener\">trafic de stup\u00e9fiants<\/a>\u00a0d\u2019apr\u00e8s nos informations. Selon nos confr\u00e8res, une maison a \u00e9galement \u00e9t\u00e9 atteinte par les tirs, qui ont d\u00e9clench\u00e9 l\u2019ouverture d\u2019une enqu\u00eate.<\/p>\n","protected":false},"excerpt":{"rendered":"Un v\u00e9hicule gar\u00e9 sur les lieux a \u00e9t\u00e9 retrouv\u00e9 cribl\u00e9 de balles, mais les tirs n\u2019ont fait aucun&hellip;\n","protected":false},"author":2,"featured_media":392558,"comment_status":"","ping_status":"","sticky":false,"template":"","format":"standard","meta":{"footnotes":""},"categories":[2814],"tags":[1111,11,5141,1777,674,1011,27,884,12,882,25,887],"class_list":{"0":"post-392557","1":"post","2":"type-post","3":"status-publish","4":"format-standard","5":"has-post-thumbnail","7":"category-marseille","8":"tag-actu","9":"tag-actualites","10":"tag-arme-a-feu","11":"tag-eu","12":"tag-europe","13":"tag-fr","14":"tag-france","15":"tag-marseille","16":"tag-news","17":"tag-provence-alpes-cote-dazur","18":"tag-republique-francaise","19":"tag-trafic-de-drogue"},"share_on_mastodon":{"url":"https:\/\/pubeurope.com\/@fr\/115208300974040031","error":""},"_links":{"self":[{"href":"https:\/\/www.europesays.com\/fr\/wp-json\/wp\/v2\/posts\/392557","targetHints":{"allow":["GET"]}}],"collection":[{"href":"https:\/\/www.europesays.com\/fr\/wp-json\/wp\/v2\/posts"}],"about":[{"href":"https:\/\/www.europesays.com\/fr\/wp-json\/wp\/v2\/types\/post"}],"author":[{"embeddable":true,"href":"https:\/\/www.europesays.com\/fr\/wp-json\/wp\/v2\/users\/2"}],"replies":[{"embeddable":true,"href":"https:\/\/www.europesays.com\/fr\/wp-json\/wp\/v2\/comments?post=392557"}],"version-history":[{"count":0,"href":"https:\/\/www.europesays.com\/fr\/wp-json\/wp\/v2\/posts\/392557\/revisions"}],"wp:featuredmedia":[{"embeddable":true,"href":"https:\/\/www.europesays.com\/fr\/wp-json\/wp\/v2\/media\/392558"}],"wp:attachment":[{"href":"https:\/\/www.europesays.com\/fr\/wp-json\/wp\/v2\/media?parent=392557"}],"wp:term":[{"taxonomy":"category","embeddable":true,"href":"https:\/\/www.europesays.com\/fr\/wp-json\/wp\/v2\/categories?post=392557"},{"taxonomy":"post_tag","embeddable":true,"href":"https:\/\/www.europesays.com\/fr\/wp-json\/wp\/v2\/tags?post=392557"}],"curies":[{"name":"wp","href":"https:\/\/api.w.org\/{rel}","templated":true}]}}