{"id":392559,"date":"2025-09-15T12:25:08","date_gmt":"2025-09-15T12:25:08","guid":{"rendered":"https:\/\/www.europesays.com\/fr\/392559\/"},"modified":"2025-09-15T12:25:08","modified_gmt":"2025-09-15T12:25:08","slug":"didier-peillon-suspendu-par-lordre-des-medecins-apres-la-sortie-dun-livre-sur-la-fin-de-vie","status":"publish","type":"post","link":"https:\/\/www.europesays.com\/fr\/392559\/","title":{"rendered":"Didier Peillon suspendu par l&rsquo;Ordre des M\u00e9decins apr\u00e8s la sortie d&rsquo;un livre sur la fin de vie"},"content":{"rendered":"<p itemprop=\"description\"><strong>C&rsquo;est un d\u00e9bat dont s&#8217;empare de plus en plus la France.<\/strong><\/p>\n<p>Mais dans l&rsquo;attente d&rsquo;une possible avanc\u00e9e de la loi, l&rsquo;aide \u00e0 mourir est interdite.<\/p>\n<p>Didier Peillon a \u00e9t\u00e9 sanctionn\u00e9 ce vendredi par le conseil d\u00e9partemental de l&rsquo;Ordre des M\u00e9decins, au lendemain de la sortie de son livre \u00ab\u00a0Ces malades que nous aidons \u00e0 mourir\u00a0\u00bb. Le m\u00e9decin exer\u00e7ant dans l&rsquo;agglom\u00e9ration lyonnaise et qui fut chef des urgences dans un h\u00f4pital r\u00e9v\u00e9lait dans son ouvrage avoir d\u00e9lib\u00e9r\u00e9ment renonc\u00e9 \u00e0 r\u00e9aliser certains actes m\u00e9dicaux pour ne pas prolonger la vie de patients pour lesquels il estimait qu&rsquo;il ne fallait pas s&rsquo;acharner.<\/p>\n<p>Le Dr Didier Peillon fait l&rsquo;objet d&rsquo;une convocation devant ses pairs, mais aussi d&rsquo;un signalement au procureur de la R\u00e9publique, au titre de l&rsquo;article 40 du code p\u00e9nal.<\/p>\n","protected":false},"excerpt":{"rendered":"C&rsquo;est un d\u00e9bat dont s&#8217;empare de plus en plus la France. Mais dans l&rsquo;attente d&rsquo;une possible avanc\u00e9e de&hellip;\n","protected":false},"author":2,"featured_media":392560,"comment_status":"","ping_status":"","sticky":false,"template":"","format":"standard","meta":{"footnotes":""},"categories":[1889],"tags":[1111,11,2813,2190,2430,1109,251,1112,2811,1777,674,118,1011,27,1922,1110,1114,2428,2810,12,241,316,25,2812,517,800],"class_list":{"0":"post-392559","1":"post","2":"type-post","3":"status-publish","4":"format-standard","5":"has-post-thumbnail","7":"category-lyon","8":"tag-actu","9":"tag-actualites","10":"tag-article","11":"tag-asvel","12":"tag-auvergne-rhone-alpes","13":"tag-breves","14":"tag-culture","15":"tag-depeches","16":"tag-economique","17":"tag-eu","18":"tag-europe","19":"tag-faits-divers","20":"tag-fr","21":"tag-france","22":"tag-info","23":"tag-informations","24":"tag-infos","25":"tag-lyon","26":"tag-lyonmag","27":"tag-news","28":"tag-ol","29":"tag-politique","30":"tag-republique-francaise","31":"tag-sociale","32":"tag-sport","33":"tag-transports"},"share_on_mastodon":{"url":"https:\/\/pubeurope.com\/@fr\/115208304997031241","error":""},"_links":{"self":[{"href":"https:\/\/www.europesays.com\/fr\/wp-json\/wp\/v2\/posts\/392559","targetHints":{"allow":["GET"]}}],"collection":[{"href":"https:\/\/www.europesays.com\/fr\/wp-json\/wp\/v2\/posts"}],"about":[{"href":"https:\/\/www.europesays.com\/fr\/wp-json\/wp\/v2\/types\/post"}],"author":[{"embeddable":true,"href":"https:\/\/www.europesays.com\/fr\/wp-json\/wp\/v2\/users\/2"}],"replies":[{"embeddable":true,"href":"https:\/\/www.europesays.com\/fr\/wp-json\/wp\/v2\/comments?post=392559"}],"version-history":[{"count":0,"href":"https:\/\/www.europesays.com\/fr\/wp-json\/wp\/v2\/posts\/392559\/revisions"}],"wp:featuredmedia":[{"embeddable":true,"href":"https:\/\/www.europesays.com\/fr\/wp-json\/wp\/v2\/media\/392560"}],"wp:attachment":[{"href":"https:\/\/www.europesays.com\/fr\/wp-json\/wp\/v2\/media?parent=392559"}],"wp:term":[{"taxonomy":"category","embeddable":true,"href":"https:\/\/www.europesays.com\/fr\/wp-json\/wp\/v2\/categories?post=392559"},{"taxonomy":"post_tag","embeddable":true,"href":"https:\/\/www.europesays.com\/fr\/wp-json\/wp\/v2\/tags?post=392559"}],"curies":[{"name":"wp","href":"https:\/\/api.w.org\/{rel}","templated":true}]}}