{"id":392561,"date":"2025-09-15T12:26:10","date_gmt":"2025-09-15T12:26:10","guid":{"rendered":"https:\/\/www.europesays.com\/fr\/392561\/"},"modified":"2025-09-15T12:26:10","modified_gmt":"2025-09-15T12:26:10","slug":"le-maire-gregory-doucet-depose-plainte-apres-des-commentaires-islamophobes-visant-sa-video-de-rentree-a-la-duchere","status":"publish","type":"post","link":"https:\/\/www.europesays.com\/fr\/392561\/","title":{"rendered":"le maire Gr\u00e9gory Doucet d\u00e9pose plainte apr\u00e8s des commentaires islamophobes visant sa vid\u00e9o de rentr\u00e9e \u00e0 la Duch\u00e8re"},"content":{"rendered":"<p>Le maire \u00e9cologiste a d\u00e9pos\u00e9 une plainte apr\u00e8s les nombreuses injures racistes et islamophobes publi\u00e9es en commentaires d\u2019une vid\u00e9o de rentr\u00e9e des classes, o\u00f9 apparaissent plusieurs m\u00e8res de famille voil\u00e9es venues d\u00e9poser leur enfant \u00e0 l\u2019\u00e9cole.<\/p>\n<p class=\"fig-paragraph\">\u00abDes milliers de commentaires racistes et injurieux\u00bb. Le maire de Lyon,\u00a0<a href=\"http:\/\/www.lefigaro.fr\/lyon\/lyon-gregory-doucet-a-portee-de-baffes-pour-ses-reunions-de-fin-de-mandat-un-exercice-finalement-decevant-20250603\" data-fig-type=\"NewsFlash\" data-gtm-custom-categorie=\"navigation\" data-gtm-custom-action=\"crossclick\" data-gtm-custom-label=\"Contextuel\" data-gtm-event=\"customEventSPE\" data-fig-domain=\"LEFIGARO\" rel=\"nofollow noopener\" target=\"_blank\">Gr\u00e9gory Doucet (EELV)<\/a>, a d\u00e9pos\u00e9 plainte pour diffamation et injure publique aupr\u00e8s du procureur de la R\u00e9publique, apr\u00e8s la publication d\u2019insultes, islamophobes notamment, en commentaire d\u2019une vid\u00e9o publi\u00e9e sur ses r\u00e9seaux sociaux \u00e0 l\u2019occasion de la rentr\u00e9e des classes. Et de d\u00e9noncer une \u00abhaine virale et d\u00e9complex\u00e9e\u00bb.<\/p>\n<p class=\"fig-paragraph\">Sur les images, tourn\u00e9es le 1er septembre \u00e0 l\u2019\u00e9cole \u00e9l\u00e9mentaire les G\u00e9raniums, dans le quartier de la\u00a0<a href=\"http:\/\/www.lefigaro.fr\/lyon\/j-en-appelle-au-calme-le-maire-de-lyon-reagit-apres-un-reglement-de-compte-a-la-duchere-20250310\" data-fig-type=\"NewsFlash\" data-gtm-custom-categorie=\"navigation\" data-gtm-custom-action=\"crossclick\" data-gtm-custom-label=\"Contextuel\" data-gtm-event=\"customEventSPE\" data-fig-domain=\"LEFIGARO\" rel=\"nofollow noopener\" target=\"_blank\">Duch\u00e8re<\/a>, on voit le maire accueillir les \u00e9l\u00e8ves pour le premier jour d\u2019\u00e9cole, en compagnie de la rectrice d\u2019acad\u00e9mie. Parmi les m\u00e8res de famille accompagnant leur enfant en ce jour de rentr\u00e9e, plusieurs apparaissent v\u00eatues d\u2019un voile. De quoi d\u00e9clencher une \u00abd\u00e9ferlante raciste\u00bb, comme le d\u00e9nonce le maire, \u00e9galement victime de nombreuses injures le visant lui-m\u00eame.<\/p>\n<p>                                    <a class=\"fig-a11y-skip a11y-hidden\" href=\"#fig-a11y-skip-main-inarticle\"><br \/>\n        Passer la publicit\u00e9<br \/>\n    <\/a><\/p>\n<p>\u00abStupeur et effroi\u00bb<\/p>\n<p class=\"fig-paragraph\">\u00abStupeur et effroi. Ce sont les mots qui me viennent en lisant les milliers de commentaires re\u00e7us depuis hier sous mes publications de rentr\u00e9e scolaire, avait r\u00e9agi le Gr\u00e9gory Doucet d\u00e8s le lendemain, le 2 septembre. Le rejet de l\u2019autre, la stigmatisation et la provocation \u00e0 la haine ne sont pas compatibles avec nos principes r\u00e9publicains. Les voir ainsi outrag\u00e9s est une violence insupportable.\u00bb<\/p>\n<p class=\"fig-body-link\">\n            \u00c0 lire aussi<br \/>\n        <a class=\"fig-body-link__link\" href=\"http:\/\/www.lefigaro.fr\/lyon\/a-six-mois-des-municipales-la-ville-de-lyon-coupe-les-commentaires-sur-ses-reseaux-sociaux-20250908\" data-fig-type=\"NewsFlash\" data-gtm-custom-categorie=\"navigation\" data-gtm-custom-action=\"crossclick\" data-gtm-custom-label=\"Contextuel\" data-gtm-event=\"customEventSPE\" data-fig-domain=\"LEFIGARO\" rel=\"nofollow noopener\" target=\"_blank\">\u00c0 six mois des municipales, la ville de Lyon coupe les commentaires sur ses r\u00e9seaux sociaux<br \/>\n    <\/a>\n<\/p>\n<p class=\"fig-paragraph\">La vid\u00e9o avait \u00e9t\u00e9 largement relay\u00e9e, avec 1800 commentaires sur Facebook et 1300 sur TikTok. Certains commentaires, laiss\u00e9s en leur nom par les internautes, ont \u00e9t\u00e9 reproduits avec la plainte.<\/p>\n","protected":false},"excerpt":{"rendered":"Le maire \u00e9cologiste a d\u00e9pos\u00e9 une plainte apr\u00e8s les nombreuses injures racistes et islamophobes publi\u00e9es en commentaires d\u2019une&hellip;\n","protected":false},"author":2,"featured_media":392562,"comment_status":"","ping_status":"","sticky":false,"template":"","format":"standard","meta":{"footnotes":""},"categories":[1889],"tags":[1111,11,2430,1777,674,1011,27,5226,6269,2428,12,10162,25],"class_list":{"0":"post-392561","1":"post","2":"type-post","3":"status-publish","4":"format-standard","5":"has-post-thumbnail","7":"category-lyon","8":"tag-actu","9":"tag-actualites","10":"tag-auvergne-rhone-alpes","11":"tag-eu","12":"tag-europe","13":"tag-fr","14":"tag-france","15":"tag-gregory-doucet","16":"tag-islamophobie","17":"tag-lyon","18":"tag-news","19":"tag-racisme","20":"tag-republique-francaise"},"share_on_mastodon":{"url":"https:\/\/pubeurope.com\/@fr\/115208308889226673","error":""},"_links":{"self":[{"href":"https:\/\/www.europesays.com\/fr\/wp-json\/wp\/v2\/posts\/392561","targetHints":{"allow":["GET"]}}],"collection":[{"href":"https:\/\/www.europesays.com\/fr\/wp-json\/wp\/v2\/posts"}],"about":[{"href":"https:\/\/www.europesays.com\/fr\/wp-json\/wp\/v2\/types\/post"}],"author":[{"embeddable":true,"href":"https:\/\/www.europesays.com\/fr\/wp-json\/wp\/v2\/users\/2"}],"replies":[{"embeddable":true,"href":"https:\/\/www.europesays.com\/fr\/wp-json\/wp\/v2\/comments?post=392561"}],"version-history":[{"count":0,"href":"https:\/\/www.europesays.com\/fr\/wp-json\/wp\/v2\/posts\/392561\/revisions"}],"wp:featuredmedia":[{"embeddable":true,"href":"https:\/\/www.europesays.com\/fr\/wp-json\/wp\/v2\/media\/392562"}],"wp:attachment":[{"href":"https:\/\/www.europesays.com\/fr\/wp-json\/wp\/v2\/media?parent=392561"}],"wp:term":[{"taxonomy":"category","embeddable":true,"href":"https:\/\/www.europesays.com\/fr\/wp-json\/wp\/v2\/categories?post=392561"},{"taxonomy":"post_tag","embeddable":true,"href":"https:\/\/www.europesays.com\/fr\/wp-json\/wp\/v2\/tags?post=392561"}],"curies":[{"name":"wp","href":"https:\/\/api.w.org\/{rel}","templated":true}]}}