{"id":392563,"date":"2025-09-15T12:27:12","date_gmt":"2025-09-15T12:27:12","guid":{"rendered":"https:\/\/www.europesays.com\/fr\/392563\/"},"modified":"2025-09-15T12:27:12","modified_gmt":"2025-09-15T12:27:12","slug":"des-surveillants-penitentiaires-toujours-recherches-en-ile-de-france","status":"publish","type":"post","link":"https:\/\/www.europesays.com\/fr\/392563\/","title":{"rendered":"Des surveillants p\u00e9nitentiaires toujours recherch\u00e9s en \u00cele-de-France"},"content":{"rendered":"<p><img decoding=\"async\" class=\"\" style=\"width:100%\" src=\"https:\/\/www.europesays.com\/fr\/wp-content\/uploads\/2025\/09\/administration_p_nitentiaire_surveillant_prison1710256695977.jpg\" alt=\"Surveillant p\u00e9nitentiaire\"\/><\/p>\n<p>Surveillant p\u00e9nitentiaire<\/p>\n<p>Cr\u00e9dit : Droits r\u00e9serv\u00e9s<\/p>\n<p style=\"margin-bottom: 0cm;\">Le minist\u00e8re de la Justice ouvre pr\u00e8s de 600 postes de surveillants p\u00e9nitentiaires en 2025, avec un dispositif particulier pour l\u2019\u00cele-de-France. Les candidats au concours national \u00e0 affectation locale (CNAL) devront exercer six ans dans l\u2019un des \u00e9tablissements franciliens concern\u00e9s (<strong>Bois-d\u2019Arcy<\/strong>, <strong>Fleury-M\u00e9rogis<\/strong>, <strong>Fresnes<\/strong>, <strong>Meaux-Chauconin<\/strong>, <strong>Nanterre<\/strong>, <strong>Osny-Pontoise<\/strong>, <strong>Paris-La Sant\u00e9<\/strong> et <strong>R\u00e9au<\/strong>, les maisons d\u2019arr\u00eat de <strong>Versailles <\/strong>et <strong>Villepinte <\/strong>et la maison centrale de <strong>Poissy<\/strong>, et le centre p\u00e9nitentiaire de <strong>Liancourt <\/strong>dans l&rsquo;Oise). <\/p>\n<p style=\"margin-bottom: 0cm;\">\u00a0<\/p>\n<p style=\"margin-bottom: 0cm;\">En contrepartie, ils b\u00e9n\u00e9ficieront d\u2019une prime de fid\u00e9lisation de 8.000 euros, vers\u00e9e en plusieurs \u00e9tapes dont 4.000 d\u00e8s le premier mois. C&rsquo;est aussi la derni\u00e8re chance pour postuler avec le brevet et \u00eatre recrut\u00e9 au niveau BAC. Cette campagne est ouverte jusqu\u2019au 17 octobre. Cliquez sur <a href=\"https:\/\/lajusticerecrute.fr\/devenezsurveillant\" target=\"_blank\" rel=\"noopener\">lajusticerecrute.fr<\/a>. <\/p>\n<p lang=\"fr-FR\" style=\"margin-bottom: 0cm;\">\u00a0<\/p>\n<p lang=\"fr-FR\" style=\"margin-bottom: 0cm;\">Nicolas Chacun<\/p>\n<p>!function(f,b,e,v,n,t,s){if(f.fbq)return;n=f.fbq=function(){n.callMethod?<br \/>\nn.callMethod.apply(n,arguments):n.queue.push(arguments)};if(!f._fbq)f._fbq=n;<br \/>\nn.push=n;n.loaded=!0;n.version=&rsquo;2.0&prime;;n.queue=[];t=b.createElement(e);t.async=!0;<br \/>\nt.src=v;s=b.getElementsByTagName(e)[0];s.parentNode.insertBefore(t,s)}(window,<br \/>\ndocument,&rsquo;script&rsquo;,&rsquo;https:\/\/connect.facebook.net\/en_US\/fbevents.js&rsquo;);<br \/>\nfbq(&lsquo;init&rsquo;, &lsquo;278974969201861&rsquo;); \/\/ Insert your pixel ID here.<br \/>\nfbq(&lsquo;track&rsquo;, &lsquo;PageView&rsquo;);<\/p>\n","protected":false},"excerpt":{"rendered":"Surveillant p\u00e9nitentiaire Cr\u00e9dit : Droits r\u00e9serv\u00e9s Le minist\u00e8re de la Justice ouvre pr\u00e8s de 600 postes de surveillants&hellip;\n","protected":false},"author":2,"featured_media":392564,"comment_status":"","ping_status":"","sticky":false,"template":"","format":"standard","meta":{"footnotes":""},"categories":[1592],"tags":[1111,11,1933,1936,1777,1939,674,1011,27,662,1934,12,1940,626,1935,25,1937,1941,1938],"class_list":{"0":"post-392563","1":"post","2":"type-post","3":"status-publish","4":"format-standard","5":"has-post-thumbnail","7":"category-ile-de-france","8":"tag-actu","9":"tag-actualites","10":"tag-actualites-locales","11":"tag-essonne","12":"tag-eu","13":"tag-eure-et-loir","14":"tag-europe","15":"tag-fr","16":"tag-france","17":"tag-ile-de-france","18":"tag-infos-locales","19":"tag-news","20":"tag-oise","21":"tag-paris","22":"tag-pres-de-chez-vous","23":"tag-republique-francaise","24":"tag-seine-et-marne","25":"tag-somme","26":"tag-yvelines"},"share_on_mastodon":{"url":"https:\/\/pubeurope.com\/@fr\/115208313347098926","error":""},"_links":{"self":[{"href":"https:\/\/www.europesays.com\/fr\/wp-json\/wp\/v2\/posts\/392563","targetHints":{"allow":["GET"]}}],"collection":[{"href":"https:\/\/www.europesays.com\/fr\/wp-json\/wp\/v2\/posts"}],"about":[{"href":"https:\/\/www.europesays.com\/fr\/wp-json\/wp\/v2\/types\/post"}],"author":[{"embeddable":true,"href":"https:\/\/www.europesays.com\/fr\/wp-json\/wp\/v2\/users\/2"}],"replies":[{"embeddable":true,"href":"https:\/\/www.europesays.com\/fr\/wp-json\/wp\/v2\/comments?post=392563"}],"version-history":[{"count":0,"href":"https:\/\/www.europesays.com\/fr\/wp-json\/wp\/v2\/posts\/392563\/revisions"}],"wp:featuredmedia":[{"embeddable":true,"href":"https:\/\/www.europesays.com\/fr\/wp-json\/wp\/v2\/media\/392564"}],"wp:attachment":[{"href":"https:\/\/www.europesays.com\/fr\/wp-json\/wp\/v2\/media?parent=392563"}],"wp:term":[{"taxonomy":"category","embeddable":true,"href":"https:\/\/www.europesays.com\/fr\/wp-json\/wp\/v2\/categories?post=392563"},{"taxonomy":"post_tag","embeddable":true,"href":"https:\/\/www.europesays.com\/fr\/wp-json\/wp\/v2\/tags?post=392563"}],"curies":[{"name":"wp","href":"https:\/\/api.w.org\/{rel}","templated":true}]}}