{"id":392578,"date":"2025-09-15T12:37:20","date_gmt":"2025-09-15T12:37:20","guid":{"rendered":"https:\/\/www.europesays.com\/fr\/392578\/"},"modified":"2025-09-15T12:37:20","modified_gmt":"2025-09-15T12:37:20","slug":"le-ministre-danois-de-la-defense-annonce-un-exercice-militaire-au-groenland-sans-les-etats-unis","status":"publish","type":"post","link":"https:\/\/www.europesays.com\/fr\/392578\/","title":{"rendered":"Le ministre danois de la D\u00e9fense annonce un exercice militaire au Groenland sans les \u00c9tats-Unis"},"content":{"rendered":"<p>Le ministre danois de la D\u00e9fense participe au Groenland \u00e0 l\u2019exercice \u00ab Arctic Light 2025\u00a0\u00bb avec plusieurs pays europ\u00e9ens, en l\u2019absence des \u00c9tats-Unis.<\/p>\n<p class=\"fig-paragraph\">Le ministre danois de la D\u00e9fense est au\u00a0<a href=\"http:\/\/www.lefigaro.fr\/international\/groenland-une-femme-sur-deux-aurait-ete-victime-de-la-contraception-forcee-20250909\" data-fig-type=\"NewsFlash\" data-gtm-custom-categorie=\"navigation\" data-gtm-custom-action=\"crossclick\" data-gtm-custom-label=\"Contextuel\" data-gtm-event=\"customEventSPE\" data-fig-domain=\"LEFIGARO\" target=\"_blank\" rel=\"noopener\">Groenland\u00a0<\/a>avec ses homologues islandais et norv\u00e9gien \u00e0 l&rsquo;occasion d&rsquo;un exercice de grande ampleur avec des pays de\u00a0<a href=\"http:\/\/www.lefigaro.fr\/international\/drones-en-pologne-l-otan-va-renforcer-la-defense-de-son-flanc-est-20250912\" data-fig-type=\"NewsFlash\" data-gtm-custom-categorie=\"navigation\" data-gtm-custom-action=\"crossclick\" data-gtm-custom-label=\"Contextuel\" data-gtm-event=\"customEventSPE\" data-fig-domain=\"LEFIGARO\" target=\"_blank\" rel=\"noopener\">l&rsquo;Otan<\/a>, mais dont les<a href=\"http:\/\/www.lefigaro.fr\/flash-eco\/2e-jour-de-discussions-entre-chine-et-etats-unis-a-madrid-tiktok-et-tarifs-douaniers-au-programme-20250915\" data-fig-type=\"NewsFlash\" data-gtm-custom-categorie=\"navigation\" data-gtm-custom-action=\"crossclick\" data-gtm-custom-label=\"Contextuel\" data-gtm-event=\"customEventSPE\" data-fig-domain=\"LEFIGARO\" target=\"_blank\" rel=\"noopener\">\u00a0\u00c9tats-Unis<\/a>, qui convoitent ce territoire danois, sont absents, a annonc\u00e9 lundi 15 septembre son minist\u00e8re.<\/p>\n<p class=\"fig-paragraph\">\u00abLa situation actuelle en termes de politique de s\u00e9curit\u00e9 n\u00e9cessite de renforcer consid\u00e9rablement la pr\u00e9sence des forces arm\u00e9es en Arctique et dans l&rsquo;Atlantique Nord\u00bb, a d\u00e9clar\u00e9 le ministre de la D\u00e9fense, Troels Lund Poulsen.<\/p>\n<p>                                    <a class=\"fig-a11y-skip a11y-hidden\" href=\"#fig-a11y-skip-main-inarticle\"><br \/>\n        Passer la publicit\u00e9<br \/>\n    <\/a><\/p>\n<p>\u00abFaire face aux menaces en Arctique\u00bb<\/p>\n<p class=\"fig-paragraph\">Outre les Danois, des troupes fran\u00e7aises, allemandes, su\u00e9doises et norv\u00e9giennes &#8211; en tout plus de 550 soldats &#8211; participent \u00e0 l&rsquo;exercice \u00abArctic Light 2025\u00bb dont l&rsquo;objectif est de renforcer la capacit\u00e9 op\u00e9rationnelle des forces arm\u00e9es sur l&rsquo;immense \u00eele arctique. Pour Lund Poulsen, l\u2019exercice en cours, coordonn\u00e9 avec le gouvernement groenlandais, \u00abest un bon exemple de notre engagement commun \u00e0 renforcer la capacit\u00e9 des forces arm\u00e9es \u00e0 faire face aux menaces en Arctique\u00bb.<\/p>\n<p class=\"fig-paragraph\">Les \u00c9tats-Unis, qui poss\u00e8dent une base a\u00e9rienne dans le nord du territoire et ont vertement critiqu\u00e9 un manque d\u2019investissement danois dans la d\u00e9fense du Groenland, sont notablement absents. Fin ao\u00fbt, la t\u00e9l\u00e9vision danoise avait r\u00e9v\u00e9l\u00e9 qu&rsquo;au moins trois Am\u00e9ricains, li\u00e9s au pr\u00e9sident\u00a0<a href=\"http:\/\/www.lefigaro.fr\/conjoncture\/apres-l-arrestation-de-centaines-de-travailleurs-sud-coreens-donald-trump-veut-rassurer-les-investisseurs-etrangers-20250915\" data-fig-type=\"NewsFlash\" data-gtm-custom-categorie=\"navigation\" data-gtm-custom-action=\"crossclick\" data-gtm-custom-label=\"Contextuel\" data-gtm-event=\"customEventSPE\" data-fig-domain=\"LEFIGARO\" target=\"_blank\" rel=\"noopener\">Donald Trump<\/a>, ont men\u00e9 des op\u00e9rations d&rsquo;influence \u00e0 travers l&rsquo;\u00eele polaire.<\/p>\n","protected":false},"excerpt":{"rendered":"Le ministre danois de la D\u00e9fense participe au Groenland \u00e0 l\u2019exercice \u00ab Arctic Light 2025\u00a0\u00bb avec plusieurs pays&hellip;\n","protected":false},"author":2,"featured_media":392579,"comment_status":"","ping_status":"","sticky":false,"template":"","format":"standard","meta":{"footnotes":""},"categories":[1589],"tags":[11,145,73,1866,146,45094,12,1864,1865,1863,308],"class_list":{"0":"post-392578","1":"post","2":"type-post","3":"status-publish","4":"format-standard","5":"has-post-thumbnail","7":"category-etats-unis","8":"tag-actualites","9":"tag-danemark","10":"tag-etats-unis","11":"tag-etats-unis-damerique","12":"tag-groenland","13":"tag-intervention-militaire","14":"tag-news","15":"tag-united-states","16":"tag-united-states-of-america","17":"tag-us","18":"tag-usa"},"share_on_mastodon":{"url":"https:\/\/pubeurope.com\/@fr\/115208352176339713","error":""},"_links":{"self":[{"href":"https:\/\/www.europesays.com\/fr\/wp-json\/wp\/v2\/posts\/392578","targetHints":{"allow":["GET"]}}],"collection":[{"href":"https:\/\/www.europesays.com\/fr\/wp-json\/wp\/v2\/posts"}],"about":[{"href":"https:\/\/www.europesays.com\/fr\/wp-json\/wp\/v2\/types\/post"}],"author":[{"embeddable":true,"href":"https:\/\/www.europesays.com\/fr\/wp-json\/wp\/v2\/users\/2"}],"replies":[{"embeddable":true,"href":"https:\/\/www.europesays.com\/fr\/wp-json\/wp\/v2\/comments?post=392578"}],"version-history":[{"count":0,"href":"https:\/\/www.europesays.com\/fr\/wp-json\/wp\/v2\/posts\/392578\/revisions"}],"wp:featuredmedia":[{"embeddable":true,"href":"https:\/\/www.europesays.com\/fr\/wp-json\/wp\/v2\/media\/392579"}],"wp:attachment":[{"href":"https:\/\/www.europesays.com\/fr\/wp-json\/wp\/v2\/media?parent=392578"}],"wp:term":[{"taxonomy":"category","embeddable":true,"href":"https:\/\/www.europesays.com\/fr\/wp-json\/wp\/v2\/categories?post=392578"},{"taxonomy":"post_tag","embeddable":true,"href":"https:\/\/www.europesays.com\/fr\/wp-json\/wp\/v2\/tags?post=392578"}],"curies":[{"name":"wp","href":"https:\/\/api.w.org\/{rel}","templated":true}]}}