{"id":392580,"date":"2025-09-15T12:38:09","date_gmt":"2025-09-15T12:38:09","guid":{"rendered":"https:\/\/www.europesays.com\/fr\/392580\/"},"modified":"2025-09-15T12:38:09","modified_gmt":"2025-09-15T12:38:09","slug":"archie-et-lilibet-bientot-au-royaume-uni-le-prince-harry-a-change-davis-grace-a-sa-rencontre-avec-son-pere","status":"publish","type":"post","link":"https:\/\/www.europesays.com\/fr\/392580\/","title":{"rendered":"Archie et Lilibet bient\u00f4t au Royaume-Uni ? Le prince Harry a chang\u00e9 d&rsquo;avis gr\u00e2ce \u00e0 sa rencontre avec son p\u00e8re"},"content":{"rendered":"<p class=\"mb-4 text-lg md:leading-8 break-words\">Le prince Harry a r\u00e9cemment fait une visite en Europe qui a beaucoup fait parler, et pour cause. Il a non seulement rendu visite \u00e0 son p\u00e8re, le roi Charles III qu\u2019il n\u2019avait pas du depuis le d\u00e9but de l\u2019ann\u00e9e 2024, mais il a \u00e9galement poursuivi son voyage en Ukraine. C\u2019est l\u00e0 que les journalistes du Guardian ont pu le suivre pour d\u00e9couvrir <strong>une facette plus priv\u00e9e et intime du mari de<\/strong> Meghan Markle. Lors d\u2019une interview exclusive accord\u00e9e au m\u00e9dia britannique, le prince Harry est revenu sur l\u2019importance des Invictus Games pour les v\u00e9t\u00e9rans de guerre ukrainiens, mais aussi sur son parcours et certains de ses choix. Il a notamment expliqu\u00e9 qu\u2019il n\u2019a aucun regret apr\u00e8s avoir<strong> partag\u00e9 sa propre vision de ce qu\u2019il a v\u00e9cu au sein de la famille royale<\/strong>. Il souligne que les tablo\u00efds ont publi\u00e9 une version de l\u2019histoire, et qu\u2019il lui semblait important de donner la sienne, d\u2019un point de vue interne auquel les tablo\u00efds ne peuvent \u00e9videmment pas pr\u00e9tendre malgr\u00e9 tous les experts royaux sollicit\u00e9s pour leurs opinions.<\/p>\n<p>Le prince Harry voudrait amener ses enfants au Royaume-Uni<\/p>\n<p class=\"mb-4 text-lg md:leading-8 break-words\">Le prince Harry a \u00e9galement parl\u00e9 de son s\u00e9jour au Royaume-Uni, o\u00f9 il a pass\u00e9 la majorit\u00e9 de sa vie avant de d\u00e9m\u00e9nager en Californie, aux Etats-Unis. Il a r\u00e9it\u00e9r\u00e9 son souhait d\u2019y passer plus de temps, notamment car <strong>il veut voir son p\u00e8re &#8211; atteint d\u2019un cancer &#8211; plus souvent<\/strong>. Mais ce n\u2019est pas tout, puisqu\u2019il a aussi \u00e9t\u00e9 question de ses enfants, Archie (&#8230;)<\/p>\n<p class=\"mb-4 text-lg md:leading-8 break-words\"><a href=\"https:\/\/www.closermag.fr\/royautes\/archie-et-lilibet-bientot-au-royaume-uni-le-prince-harry-a-change-davis-grace-a-sa-rencontre-avec-son-pere-3579623\" rel=\"nofollow noopener\" target=\"_blank\" data-ylk=\"slk:Lire la suite sur Closer;elm:context_link;itc:0;sec:content-canvas\" class=\"link \">Lire la suite sur Closer<\/a><\/p>\n<p class=\"mb-4 text-lg md:leading-8 break-words\"><a href=\"https:\/\/www.closermag.fr\/royautes\/meghan-markle-le-coup-de-poignard-dans-le-dos-de-son-ancienne-meilleure-amie-3579665\" rel=\"nofollow noopener\" target=\"_blank\" data-ylk=\"slk:Meghan Markle : le coup de poignard dans le dos de son ancienne meilleure amie;elm:context_link;itc:0;sec:content-canvas\" class=\"link \">Meghan Markle : le coup de poignard dans le dos de son ancienne meilleure amie<\/a><br \/><a href=\"https:\/\/www.closermag.fr\/people\/jimmy-gressier-qui-est-sa-compagne-aude-clavier-3579663\" rel=\"nofollow noopener\" target=\"_blank\" data-ylk=\"slk:Jimmy Gressier : qui est sa compagne Aude Clavier ?;elm:context_link;itc:0;sec:content-canvas\" class=\"link \">Jimmy Gressier : qui est sa compagne Aude Clavier ?<\/a><br \/><a href=\"https:\/\/www.closermag.fr\/people\/alexandra-rosenfeld-lea-salame-file-un-coup-de-pouce-a-son-compagnon-hugo-clement-3579649\" rel=\"nofollow noopener\" target=\"_blank\" data-ylk=\"slk:Alexandra Rosenfeld : L\u00e9a Salam\u00e9 file un coup de pouce \u00e0 son compagnon Hugo Cl\u00e9ment;elm:context_link;itc:0;sec:content-canvas\" class=\"link \">Alexandra Rosenfeld : L\u00e9a Salam\u00e9 file un coup de pouce \u00e0 son compagnon Hugo Cl\u00e9ment<\/a><br \/><a href=\"https:\/\/www.closermag.fr\/royautes\/charles-iii-et-harry-leurs-retrouvailles-pas-vues-dun-bon-oeil-par-camilla-parker-bowles-3579653\" rel=\"nofollow noopener\" target=\"_blank\" data-ylk=\"slk:Charles III et Harry : leurs retrouvailles pas vues d\u2019un bon oeil par Camilla Parker-Bowles;elm:context_link;itc:0;sec:content-canvas\" class=\"link \">Charles III et Harry : leurs retrouvailles pas vues d\u2019un bon oeil par Camilla Parker-Bowles<\/a><br \/><a href=\"https:\/\/www.closermag.fr\/people\/la-naissance-de-mon-fils-a-remis-ca-en-question-les-rares-confidences-de-niels-schneider-sur-lenfant-quil-a-eu-avec-virginie-efira-3579644\" rel=\"nofollow noopener\" target=\"_blank\" data-ylk=\"slk:\u201cLa naissance de mon fils a remis \u00e7a en question\u201d : les rares confidences de Niels Schneider sur l\u2019enfant qu\u2019il a eu avec Virginie Efira;elm:context_link;itc:0;sec:content-canvas\" class=\"link \">\u201cLa naissance de mon fils a remis \u00e7a en question\u201d : les rares confidences de Niels Schneider sur l\u2019enfant qu\u2019il a eu avec Virginie Efira<\/a><\/p>\n","protected":false},"excerpt":{"rendered":"Le prince Harry a r\u00e9cemment fait une visite en Europe qui a beaucoup fait parler, et pour cause.&hellip;\n","protected":false},"author":2,"featured_media":392581,"comment_status":"","ping_status":"","sticky":false,"template":"","format":"standard","meta":{"footnotes":""},"categories":[1588],"tags":[11,1777,674,908,12,267,473,1853,1851,1850,1852,52473],"class_list":{"0":"post-392580","1":"post","2":"type-post","3":"status-publish","4":"format-standard","5":"has-post-thumbnail","7":"category-royaume-uni","8":"tag-actualites","9":"tag-eu","10":"tag-europe","11":"tag-meghan-markle","12":"tag-news","13":"tag-prince-harry","14":"tag-royaume-uni","15":"tag-royaume-uni-de-grande-bretagne-et-dirlande-du-nord","16":"tag-uk","17":"tag-united-kingdom","18":"tag-united-kingdom-of-great-britain-and-northern-ireland","19":"tag-voyage-en-ukraine"},"share_on_mastodon":{"url":"https:\/\/pubeurope.com\/@fr\/115208356134692441","error":""},"_links":{"self":[{"href":"https:\/\/www.europesays.com\/fr\/wp-json\/wp\/v2\/posts\/392580","targetHints":{"allow":["GET"]}}],"collection":[{"href":"https:\/\/www.europesays.com\/fr\/wp-json\/wp\/v2\/posts"}],"about":[{"href":"https:\/\/www.europesays.com\/fr\/wp-json\/wp\/v2\/types\/post"}],"author":[{"embeddable":true,"href":"https:\/\/www.europesays.com\/fr\/wp-json\/wp\/v2\/users\/2"}],"replies":[{"embeddable":true,"href":"https:\/\/www.europesays.com\/fr\/wp-json\/wp\/v2\/comments?post=392580"}],"version-history":[{"count":0,"href":"https:\/\/www.europesays.com\/fr\/wp-json\/wp\/v2\/posts\/392580\/revisions"}],"wp:featuredmedia":[{"embeddable":true,"href":"https:\/\/www.europesays.com\/fr\/wp-json\/wp\/v2\/media\/392581"}],"wp:attachment":[{"href":"https:\/\/www.europesays.com\/fr\/wp-json\/wp\/v2\/media?parent=392580"}],"wp:term":[{"taxonomy":"category","embeddable":true,"href":"https:\/\/www.europesays.com\/fr\/wp-json\/wp\/v2\/categories?post=392580"},{"taxonomy":"post_tag","embeddable":true,"href":"https:\/\/www.europesays.com\/fr\/wp-json\/wp\/v2\/tags?post=392580"}],"curies":[{"name":"wp","href":"https:\/\/api.w.org\/{rel}","templated":true}]}}