{"id":392582,"date":"2025-09-15T12:39:10","date_gmt":"2025-09-15T12:39:10","guid":{"rendered":"https:\/\/www.europesays.com\/fr\/392582\/"},"modified":"2025-09-15T12:39:10","modified_gmt":"2025-09-15T12:39:10","slug":"lallemagne-veut-tailler-dans-les-subventions-aux-energies-renouvelables","status":"publish","type":"post","link":"https:\/\/www.europesays.com\/fr\/392582\/","title":{"rendered":"L\u2019Allemagne veut tailler dans les subventions aux \u00e9nergies renouvelables"},"content":{"rendered":"<p class=\"fig-paragraph\">La ministre allemande de l&rsquo;\u00c9conomie Katharina Reiche a appel\u00e9 lundi \u00e0 une politique \u00e9nerg\u00e9tique \u00ab plus flexible\u00a0\u00bb avec moins de subventions aux \u00e9nergies renouvelables, une c\u00e9sure avec le pr\u00e9c\u00e9dent gouvernement tout en pr\u00e9servant les objectifs climatiques du pays. \u00ab La transition \u00e9nerg\u00e9tique est \u00e0 un tournant\u00bb, a d\u00e9clar\u00e9 la ministre conservatrice (CDU) \u00e0\u00a0<a href=\"http:\/\/www.lefigaro.fr\/flash-actu\/incendie-a-berlin-la-police-soupconne-un-groupe-antimilitariste-20250909\" data-fig-type=\"NewsFlash\" data-gtm-custom-categorie=\"navigation\" data-gtm-custom-action=\"crossclick\" data-gtm-custom-label=\"Contextuel\" data-gtm-event=\"customEventSPE\" data-fig-domain=\"LEFIGARO\" target=\"_blank\" rel=\"noopener\">Berlin<\/a>, en pr\u00e9sentant un rapport de suivi command\u00e9 par son minist\u00e8re et r\u00e9alis\u00e9 par les instituts BET et EWI.<\/p>\n<p class=\"fig-paragraph\">Promesse du contrat de coalition entre conservateurs et sociaux-d\u00e9mocrates, cet audit avait suscit\u00e9 pendant l&rsquo;\u00e9t\u00e9 des craintes d&rsquo;un retour en arri\u00e8re sur le climat au nom de la comp\u00e9titivit\u00e9 de\u00a0<a href=\"http:\/\/www.lefigaro.fr\/flash-eco\/allemagne-les-instituts-economiques-pessimistes-pour-une-reprise-de-l-economie-20250904\" data-fig-type=\"NewsFlash\" data-gtm-custom-categorie=\"navigation\" data-gtm-custom-action=\"crossclick\" data-gtm-custom-label=\"Contextuel\" data-gtm-event=\"customEventSPE\" data-fig-domain=\"LEFIGARO\" target=\"_blank\" rel=\"noopener\">l&rsquo;\u00e9conomie allemande<\/a>\u00a0en crise. Katharina Reiche a martel\u00e9 que l&rsquo;Allemagne maintiendrait ses objectifs climatiques, notamment porter de 60% \u00e0 80% d&rsquo;ici 2030 la part des renouvelables dans la consommation \u00e9lectrique.<\/p>\n<p>                                    <a class=\"fig-a11y-skip a11y-hidden\" href=\"#fig-a11y-skip-main-inarticle\"><br \/>\n        Passer la publicit\u00e9<br \/>\n    <\/a><\/p>\n<p class=\"fig-paragraph\">Mais le rapport souligne que le syst\u00e8me actuel comporte des \u00ab risques \u00e9conomiques \u00e9normes\u00a0\u00bb et que l&rsquo;approvisionnement en \u00e9lectricit\u00e9 pourrait \u00eatre compromis. Actuellement, l&rsquo;\u00e9lectricit\u00e9 renouvelable est trop subventionn\u00e9e, selon la ministre, et le syst\u00e8me manque de flexibilit\u00e9. Le rapport pointe que les\u00a0<a href=\"http:\/\/www.lefigaro.fr\/flash-eco\/la-chine-pourrait-produire-de-l-hydrogene-d-origine-renouvelable-competitif-des-2030-selon-l-aie-20250912\" data-fig-type=\"NewsFlash\" data-gtm-custom-categorie=\"navigation\" data-gtm-custom-action=\"crossclick\" data-gtm-custom-label=\"Contextuel\" data-gtm-event=\"customEventSPE\" data-fig-domain=\"LEFIGARO\" target=\"_blank\" rel=\"noopener\">\u00e9nergies renouvelables<\/a>\u00a0fournissent souvent plus d&rsquo;\u00e9lectricit\u00e9 que n\u00e9cessaire, mais trop peu pendant les p\u00e9riodes de faible ensoleillement et de vent. Ce foss\u00e9 est alors combl\u00e9 avec des combustibles fossiles ou des importations.<\/p>\n<p>Rupture nette avec l\u2019ancien ministre de l\u2019\u00c9conomie et de l\u2019\u00c9nergie<\/p>\n<p class=\"fig-paragraph\">Parmi les pistes de r\u00e9formes propos\u00e9es, supprimer une r\u00e9mun\u00e9ration fixe aux exploitants d&rsquo;installations photovolta\u00efques et limiter les subventions aux seuls besoins essentiels, surtout \u00abpour les entreprises \u00e9nergivores\u00bb, a soulign\u00e9 Katharina Reiche. Il s&rsquo;agit d&rsquo;une rupture nette avec l&rsquo;h\u00e9ritage de son pr\u00e9d\u00e9cesseur, l&rsquo;\u00e9cologiste\u00a0<a href=\"http:\/\/www.lefigaro.fr\/conjoncture\/le-maire-et-habeck-un-duo-franco-allemand-a-washington-pour-defendre-l-europe-20230207\" data-fig-type=\"Article\" data-gtm-custom-categorie=\"navigation\" data-gtm-custom-action=\"crossclick\" data-gtm-custom-label=\"Contextuel\" data-gtm-event=\"customEventSPE\" data-fig-domain=\"LEFIGARO\" target=\"_blank\" rel=\"noopener\">Robert Habeck<\/a>\u00a0(2021-2025), qui a fortement d\u00e9velopp\u00e9 le renouvelable \u00e0 l&rsquo;aide de subventions. La ministre a point\u00e9 en outre l&rsquo;exc\u00e8s de r\u00e9glementation et le manque de num\u00e9risation du syst\u00e8me \u00e9lectrique allemand. La f\u00e9d\u00e9ration industrielle BDI a salu\u00e9 le rapport comme une base pour des am\u00e9liorations \u00ab significatives\u00a0\u00bb, permettant de \u00abconcilier financement, comp\u00e9titivit\u00e9 industrielle et neutralit\u00e9 climatique\u00bb.<\/p>\n<p class=\"fig-paragraph\">Par ailleurs, la demande en \u00e9lectricit\u00e9 en Allemagne sera comprise entre 600 et 700 t\u00e9rawattheures d&rsquo;ici 2030 d&rsquo;apr\u00e8s le rapport, moins que ce qu&rsquo;attendent d&rsquo;autres experts. Cela pourrait justifier, selon la ministre, de r\u00e9duire le rythme de construction d&rsquo;installations renouvelables sans compromettre les objectifs climatiques. Elle a mentionn\u00e9 l&rsquo;\u00e9olien offshore comme exemple de secteur peinant \u00e0 optimiser sa production. L&rsquo;ONG de gauche Campact a accus\u00e9 la ministre, anciennement cadre du secteur de l&rsquo;\u00e9nergie, \u00abd&rsquo;interpr\u00e9ter le rapport de mani\u00e8re qui convient au lobby des \u00e9nergies fossiles, son ancien employeur\u00bb.<\/p>\n","protected":false},"excerpt":{"rendered":"La ministre allemande de l&rsquo;\u00c9conomie Katharina Reiche a appel\u00e9 lundi \u00e0 une politique \u00e9nerg\u00e9tique \u00ab plus flexible\u00a0\u00bb avec&hellip;\n","protected":false},"author":2,"featured_media":392583,"comment_status":"","ping_status":"","sticky":false,"template":"","format":"standard","meta":{"footnotes":""},"categories":[1587],"tags":[11,672,1804,1805,1803,2830,1777,674,1801,12,1802],"class_list":{"0":"post-392582","1":"post","2":"type-post","3":"status-publish","4":"format-standard","5":"has-post-thumbnail","7":"category-allemagne","8":"tag-actualites","9":"tag-allemagne","10":"tag-bundesrepublik-deutschland","11":"tag-de","12":"tag-deutschland","13":"tag-energies-renouvelables","14":"tag-eu","15":"tag-europe","16":"tag-germany","17":"tag-news","18":"tag-republique-federale-dallemagne"},"share_on_mastodon":{"url":"https:\/\/pubeurope.com\/@fr\/115208360177262810","error":""},"_links":{"self":[{"href":"https:\/\/www.europesays.com\/fr\/wp-json\/wp\/v2\/posts\/392582","targetHints":{"allow":["GET"]}}],"collection":[{"href":"https:\/\/www.europesays.com\/fr\/wp-json\/wp\/v2\/posts"}],"about":[{"href":"https:\/\/www.europesays.com\/fr\/wp-json\/wp\/v2\/types\/post"}],"author":[{"embeddable":true,"href":"https:\/\/www.europesays.com\/fr\/wp-json\/wp\/v2\/users\/2"}],"replies":[{"embeddable":true,"href":"https:\/\/www.europesays.com\/fr\/wp-json\/wp\/v2\/comments?post=392582"}],"version-history":[{"count":0,"href":"https:\/\/www.europesays.com\/fr\/wp-json\/wp\/v2\/posts\/392582\/revisions"}],"wp:featuredmedia":[{"embeddable":true,"href":"https:\/\/www.europesays.com\/fr\/wp-json\/wp\/v2\/media\/392583"}],"wp:attachment":[{"href":"https:\/\/www.europesays.com\/fr\/wp-json\/wp\/v2\/media?parent=392582"}],"wp:term":[{"taxonomy":"category","embeddable":true,"href":"https:\/\/www.europesays.com\/fr\/wp-json\/wp\/v2\/categories?post=392582"},{"taxonomy":"post_tag","embeddable":true,"href":"https:\/\/www.europesays.com\/fr\/wp-json\/wp\/v2\/tags?post=392582"}],"curies":[{"name":"wp","href":"https:\/\/api.w.org\/{rel}","templated":true}]}}