{"id":392584,"date":"2025-09-15T12:40:13","date_gmt":"2025-09-15T12:40:13","guid":{"rendered":"https:\/\/www.europesays.com\/fr\/392584\/"},"modified":"2025-09-15T12:40:13","modified_gmt":"2025-09-15T12:40:13","slug":"la-france-est-elle-le-pays-deurope-ou-il-y-a-le-plus-de-milliardaires","status":"publish","type":"post","link":"https:\/\/www.europesays.com\/fr\/392584\/","title":{"rendered":"La France est-elle le pays d\u2019Europe o\u00f9 il y a le plus de milliardaires\u00a0?"},"content":{"rendered":"<p> \u00ab\u00c7a n\u2019est plus possible que les patrons passent leur temps \u00e0 pleurnicher alors que les dividendes atteignent des records en France, alors que les r\u00e9sultats du CAC40 sont florissants\u00a0\u00bb, fulmine la num\u00e9ro\u00a01 de la <a href=\"https:\/\/www.20minutes.fr\/societe\/4173113-20250915-budget-2026-binet-cgt-demande-patrons-arreter-pleurnicher-faire-caprices-enfants-gates\" class=\"c-link c-link--is-underlined\" target=\"_blank\" rel=\"noopener\">CGT Sophie Binet<\/a>, ce lundi matin sur TF1.<\/p>\n<p>Au lendemain de la menace du dirigeant du <a href=\"https:\/\/www.20minutes.fr\/economie\/medef\/\" class=\"c-link c-link--is-underlined\" target=\"_blank\" rel=\"noopener\">Medef<\/a> d\u2019une \u00ab<a href=\"https:\/\/www.20minutes.fr\/politique\/4172935-20250913-medef-menace-grande-mobilisation-patronale-si-impots-entreprises-augmentent?\" class=\"c-link c-link--is-underlined\" target=\"_blank\" rel=\"noopener\">\u00a0grande mobilisation patronale<\/a>\u00a0\u00bb si les imp\u00f4ts sur les entreprises augmentent, et alors que la gauche demande la mise en place d\u2019une taxe sur les tr\u00e8s <a href=\"https:\/\/www.20minutes.fr\/economie\/4158114-20250612-taxe-zucman-illusoire-souhaitable-pose-vraies-questions-imposition-ultrariches-france\" class=\"c-link c-link--is-underlined\" target=\"_blank\" rel=\"noopener\">hauts patrimoines dite \u00ab\u00a0Zucman\u00a0\u00bb<\/a>, on s\u2019interroge\u00a0: la France est-elle la championne d\u2019Europe des milliardaires\u00a0? Qu\u2019en est-il par rapport \u00e0 nos voisins europ\u00e9ens\u00a0? Pour le savoir, d\u00e9couvrez notre carte interactive ci-dessous\u00a0:<\/p>\n<p>Selon le classement <a href=\"https:\/\/info.altrata.com\/l\/311771\/2024-11-17\/21wbj4\/311771\/1731871576Li7G5zyb\/Altrata_Billionaire_Census_2024.pdf\" rel=\"nofollow noopener\" target=\"_blank\" class=\"c-link c-link--is-underlined\">Altrata Billionaire Census 2024<\/a> paru en novembre\u00a02024, l\u2019Hexagone compte 72 milliardaires en\u00a02023. La France se classe plut\u00f4t en milieu de classement pour ce qui est de la pr\u00e9sence de milliardaires en Europe, devanc\u00e9 par l\u2019Allemagne (170 milliardaires), le Royaume-Uni (122 milliardaires), la Suisse (116 milliardaires) ou l\u2019Italie (74 milliardaires).<\/p>\n<\/p>\n<p>Ce classement est \u00e0 prendre avec certaines r\u00e9serves, car, selon les sources (le magazine Forbes, l\u2019ONG Oxfam ou la banque UBS) et les m\u00e9thodes, le classement des milliardaires par pays diff\u00e8rent. Il y a notamment des variations, selon que l\u2019on compte les \u00ab\u00a0r\u00e9sidents\u00a0\u00bb ou les \u00ab\u00a0citoyens\u00a0\u00bb. Par exemple, nombre de milliardaires vivant en Suisse sont de nationalit\u00e9 fran\u00e7aise.<\/p>\n<p><a href=\"https:\/\/www.20minutes.fr\/economie\/\" class=\"c-link c-btn c-btn--primary\" target=\"_blank\" rel=\"noopener\">Notre dossier Economie<\/a><\/p>\n<p>Par ailleurs, l\u2019\u00e9valuation des fortunes mondiales fluctue selon les cours de la Bourse, les devises, les actifs priv\u00e9s difficiles \u00e0 valoriser. Enfin, la carte ci-dessus compte l\u2019Europe au sens large, qui inclut des pays comme le Royaume-Uni, la Suisse ou la Russie, ce qui modifie les totaux par rapport \u00e0 la seule Union europ\u00e9enne.<\/p>\n","protected":false},"excerpt":{"rendered":"\u00ab\u00c7a n\u2019est plus possible que les patrons passent leur temps \u00e0 pleurnicher alors que les dividendes atteignent des&hellip;\n","protected":false},"author":2,"featured_media":392585,"comment_status":"","ping_status":"","sticky":false,"template":"","format":"standard","meta":{"footnotes":""},"categories":[1586],"tags":[47,11,1261,1003,343,1271,33,1777,674,1011,27,4803,12,25,8815,2549,555],"class_list":{"0":"post-392584","1":"post","2":"type-post","3":"status-publish","4":"format-standard","5":"has-post-thumbnail","7":"category-europe","8":"tag-actualite","9":"tag-actualites","10":"tag-argent","11":"tag-budget","12":"tag-cac-40","13":"tag-cgt","14":"tag-economie","15":"tag-eu","16":"tag-europe","17":"tag-fr","18":"tag-france","19":"tag-medef","20":"tag-news","21":"tag-republique-francaise","22":"tag-sophie-binet","23":"tag-taxe","24":"tag-union-europeenne-ue"},"share_on_mastodon":{"url":"https:\/\/pubeurope.com\/@fr\/115208363942652107","error":""},"_links":{"self":[{"href":"https:\/\/www.europesays.com\/fr\/wp-json\/wp\/v2\/posts\/392584","targetHints":{"allow":["GET"]}}],"collection":[{"href":"https:\/\/www.europesays.com\/fr\/wp-json\/wp\/v2\/posts"}],"about":[{"href":"https:\/\/www.europesays.com\/fr\/wp-json\/wp\/v2\/types\/post"}],"author":[{"embeddable":true,"href":"https:\/\/www.europesays.com\/fr\/wp-json\/wp\/v2\/users\/2"}],"replies":[{"embeddable":true,"href":"https:\/\/www.europesays.com\/fr\/wp-json\/wp\/v2\/comments?post=392584"}],"version-history":[{"count":0,"href":"https:\/\/www.europesays.com\/fr\/wp-json\/wp\/v2\/posts\/392584\/revisions"}],"wp:featuredmedia":[{"embeddable":true,"href":"https:\/\/www.europesays.com\/fr\/wp-json\/wp\/v2\/media\/392585"}],"wp:attachment":[{"href":"https:\/\/www.europesays.com\/fr\/wp-json\/wp\/v2\/media?parent=392584"}],"wp:term":[{"taxonomy":"category","embeddable":true,"href":"https:\/\/www.europesays.com\/fr\/wp-json\/wp\/v2\/categories?post=392584"},{"taxonomy":"post_tag","embeddable":true,"href":"https:\/\/www.europesays.com\/fr\/wp-json\/wp\/v2\/tags?post=392584"}],"curies":[{"name":"wp","href":"https:\/\/api.w.org\/{rel}","templated":true}]}}