{"id":392596,"date":"2025-09-15T12:47:11","date_gmt":"2025-09-15T12:47:11","guid":{"rendered":"https:\/\/www.europesays.com\/fr\/392596\/"},"modified":"2025-09-15T12:47:11","modified_gmt":"2025-09-15T12:47:11","slug":"bru-mola-urios-cetait-le-week-end-des-coups-de-gueule-en-top-14","status":"publish","type":"post","link":"https:\/\/www.europesays.com\/fr\/392596\/","title":{"rendered":"Bru, Mola, Urios&#8230; C&rsquo;\u00e9tait le week-end des coups de gueule en Top 14"},"content":{"rendered":"<p>            Par<br \/>\n        <strong><br \/>\n            <a href=\"https:\/\/actu.fr\/auteur\/clement-mazella\" title=\"Consulter tous les articles de Cl\u00e9ment Mazella\" target=\"_blank\" rel=\"noopener\">Cl\u00e9ment Mazella<\/a><br \/>\n        <\/strong><\/p>\n<p>        Publi\u00e9 le<\/p>\n<p>            15 sept. 2025 \u00e0 13h02        <\/p>\n<p>\u00c0 peine 2 journ\u00e9es, et d\u00e9j\u00e0 pas mal de <strong>col\u00e8re<\/strong> chez les entra\u00eeneurs de <a href=\"https:\/\/actu.fr\/rugby\/top-14\" target=\"_blank\" rel=\"noopener\">Top 14<\/a>. Preuve d\u2019une certaine tension li\u00e9e \u00e0 la pression des r\u00e9sultats dans un championnat toujours plus homog\u00e8ne et exigeant. Samedi 13 et dimanche 14 septembre, <strong>les coups de gueule<\/strong> se sont encha\u00een\u00e9s, aussi bien chez des personnages au caract\u00e8re bien tremp\u00e9 que calme.<\/p>\n<p>Yannick Bru en col\u00e8re apr\u00e8s la d\u00e9faite\u2026<\/p>\n<p class=\" wall-content\">En cl\u00f4ture de la 2e journ\u00e9e, <strong>Yannick Bru<\/strong> a longtemps d\u00fb se demander o\u00f9 \u00e9taient pass\u00e9s ses joueurs. Dans un premier acte \u00e0 sens unique, ils ont \u00e9t\u00e9 fantomatiques, et ce de mani\u00e8re totalement surprenante, encaissant 31 points lors des 21 premi\u00e8res minutes.\u00a0<\/p>\n<p class=\" wall-content\">\u00ab\u00a0Honn\u00eatement, les deux premiers essais sont vraiment des coups du sort. Mais ensuite ce qui se passe d\u00e9montre un manque d\u2019envie et un manque d\u2019implication assez flagrant de certains, qui n\u2019est pas acceptable. [\u2026] J\u2019ai senti une forme de d\u00e9solidarisation, des choses qu\u2019on n\u2019aime pas trop voir dans une \u00e9quipe de rugby, cela provoque de la col\u00e8re\u00a0\u00bb, a d\u00e9clar\u00e9 en forme de coup de gueule, face \u00e0 la presse, le manager de <a href=\"https:\/\/actu.fr\/tag\/usb-union-bordeaux-begles\" target=\"_blank\" rel=\"noopener\">Bordeaux-B\u00e8gles<\/a>, assez m\u00e9content.<\/p>\n<p class=\" wall-content\">Si son \u00e9quipe a sauv\u00e9 \u00ab\u00a0(son) honneur\u00a0\u00bb en fin de partie pour \u00e9viter d\u2019\u00eatre \u00ab\u00a0ridicule\u00a0\u00bb, elle est tout de m\u00eame rentr\u00e9e bredouille de son d\u00e9placement au Racing 92 (44-32).<\/p>\n<p>\u2026 Ugo Mola en col\u00e8re malgr\u00e9 la victoire<\/p>\n<p class=\" wall-content\">Du c\u00f4t\u00e9 de <a href=\"https:\/\/actu.fr\/tag\/stade-toulousain\" target=\"_blank\" rel=\"noopener\">Toulouse<\/a>, triple champion de France, le r\u00e9sultat sur le plan comptable face \u00e0 Perpignan est parfait avec un succ\u00e8s bonifi\u00e9 (31-13). Et pourtant, \u00e7a n\u2019a pas emp\u00each\u00e9 <strong>Ugo Mola<\/strong> de pousser un coup de gueule \u00e0 l\u2019encontre de ses joueurs, particuli\u00e8rement maladroits contre l\u2019Usap, voire d\u00e9cevants au niveau du jeu.<\/p>\n<p class=\" wall-content\">\u00c0 l\u2019issue de la rencontre, au milieu d\u2019un cercle form\u00e9 par ses joueurs sur la pelouse d\u2019Ernest-Wallon, Ugo Mola n\u2019a pas m\u00e2ch\u00e9 ses mots : \u00ab\u00a0C\u2019est certainement le plus mauvais (match) depuis bien longtemps. On peut se faire plaisir, faire plaisir aux gens\u2026 C\u2019est catastrophique les mecs. [\u2026] On n\u2019a pas respect\u00e9 ni l\u2019adversaire, ni nous, ni le boulot qu\u2019on fait dans la semaine. [\u2026] Et je vous le dis, chaque fois que vous pr\u00e9voyez des trucs apr\u00e8s, \u00e7a pue la merde\u00a0\u00bb. Cela risque d\u2019\u00eatre muscl\u00e9 d\u00e8s ce lundi \u00e0 Ernest-Wallon.<\/p>\n<p>Christophe Urios sort la sulfateuse<\/p>\n<p class=\" wall-content\">Reconnu pour son franc-parler, <strong>Christophe Urios<\/strong> a de son c\u00f4t\u00e9 sorti la sulfateuse <a href=\"https:\/\/rmcsport.bfmtv.com\/rugby\/top-14\/video-la-rochelle-34-16-clermont-ca-fait-chier-tout-le-monde-urios-sulfate-les-nouvelles-regles_VN-202509130341.html\" target=\"_blank\" rel=\"noopener\">face \u00e0 la presse<\/a> \u00e0 Marcel-Deflandre. Non pas pour enguirlander ses joueurs de <a href=\"https:\/\/actu.fr\/tag\/asm-clermont-auvergne\" target=\"_blank\" rel=\"noopener\">Clermont<\/a>, battus \u00e0 La Rochelle (34-16). Plus au sujet des appels vid\u00e9os qu\u2019il estime trop fr\u00e9quent ou les nouvelles r\u00e8gles\u2026<\/p>\n<p class=\" wall-content\">\u00ab\u00a0Je savais qu\u2019il allait mettre orange (\u00e0 Rob Simmons, son 2e ligne, NDLR). Il (l\u2019arbitre) ne s\u2019est pas emmerd\u00e9. Moi, il y a plusieurs choses qui me gonflent : ce carton orange, ces appels vid\u00e9os j\u2019en ai plein le cul\u2026 On va faire chier tout le monde. Les introductions en m\u00eal\u00e9e, j\u2019en ai plein le cul. Tous les matchs, il y a 4 introductions qui ne sont pas droites. Cela fait 20 ans que c\u2019est comme \u00e7a. Qu\u2019est-ce qu\u2019on fait les cow-boys aujourd\u2019hui ? Cela fait chier tout le monde. Les matchs font maintenant 85, 90 minutes\u2026\u00a0\u00bb.<\/p>\n<p>Votre r\u00e9gion, votre actu !<\/p>\n<p>Recevez chaque jour les infos qui comptent pour vous.<\/p>\n<p>\t<a href=\"https:\/\/actu.fr\/newsletter\" class=\"ac-btn ac-btn--corner ac-btn--medium ac-btn--blue800\" target=\"_blank\" rel=\"noopener\">S&rsquo;incrire<\/a><\/p>\n<p class=\" wall-content\">En deux petites journ\u00e9es, le d\u00e9cor est plant\u00e9 : dans un Top 14 toujours plus serr\u00e9, la tension est palpable et les entra\u00eeneurs n\u2019ont visiblement aucune intention de laisser passer la moindre chose.\u00a0<\/p>\n<p class=\" wall-content\">Personnalisez votre actualit\u00e9 en ajoutant vos villes et m\u00e9dias en favori avec <a href=\"https:\/\/moncompte.actu.fr\" title=\"D\u00e9couvez Mon Actu\" rel=\"nofollow noopener\" data-trk=\"{&quot;cta&quot;:{&quot;action&quot;:&quot;https:\\\/\\\/moncompte.actu.fr&quot;,&quot;category&quot;:&quot;mon compte&quot;,&quot;from&quot;:&quot;article footer&quot;,&quot;name&quot;:&quot;Mon actu&quot;,&quot;type&quot;:&quot;cta&quot;}}\" target=\"_blank\">Mon Actu<\/a>.<\/p>\n","protected":false},"excerpt":{"rendered":"Par Cl\u00e9ment Mazella Publi\u00e9 le 15 sept. 2025 \u00e0 13h02 \u00c0 peine 2 journ\u00e9es, et d\u00e9j\u00e0 pas mal&hellip;\n","protected":false},"author":2,"featured_media":392597,"comment_status":"","ping_status":"","sticky":false,"template":"","format":"standard","meta":{"footnotes":""},"categories":[1416],"tags":[52475,1011,27,479,1468,60,476,478,4435],"class_list":{"0":"post-392596","1":"post","2":"type-post","3":"status-publish","4":"format-standard","5":"has-post-thumbnail","7":"category-rugby","8":"tag-clermont-auvergne-metropole","9":"tag-fr","10":"tag-france","11":"tag-rugby","12":"tag-rugby-football","13":"tag-sports","14":"tag-stade-toulousain","15":"tag-top-14","16":"tag-ubb-union-bordeaux-begles"},"share_on_mastodon":{"url":"https:\/\/pubeurope.com\/@fr\/115208391489150164","error":""},"_links":{"self":[{"href":"https:\/\/www.europesays.com\/fr\/wp-json\/wp\/v2\/posts\/392596","targetHints":{"allow":["GET"]}}],"collection":[{"href":"https:\/\/www.europesays.com\/fr\/wp-json\/wp\/v2\/posts"}],"about":[{"href":"https:\/\/www.europesays.com\/fr\/wp-json\/wp\/v2\/types\/post"}],"author":[{"embeddable":true,"href":"https:\/\/www.europesays.com\/fr\/wp-json\/wp\/v2\/users\/2"}],"replies":[{"embeddable":true,"href":"https:\/\/www.europesays.com\/fr\/wp-json\/wp\/v2\/comments?post=392596"}],"version-history":[{"count":0,"href":"https:\/\/www.europesays.com\/fr\/wp-json\/wp\/v2\/posts\/392596\/revisions"}],"wp:featuredmedia":[{"embeddable":true,"href":"https:\/\/www.europesays.com\/fr\/wp-json\/wp\/v2\/media\/392597"}],"wp:attachment":[{"href":"https:\/\/www.europesays.com\/fr\/wp-json\/wp\/v2\/media?parent=392596"}],"wp:term":[{"taxonomy":"category","embeddable":true,"href":"https:\/\/www.europesays.com\/fr\/wp-json\/wp\/v2\/categories?post=392596"},{"taxonomy":"post_tag","embeddable":true,"href":"https:\/\/www.europesays.com\/fr\/wp-json\/wp\/v2\/tags?post=392596"}],"curies":[{"name":"wp","href":"https:\/\/api.w.org\/{rel}","templated":true}]}}