{"id":392626,"date":"2025-09-15T13:03:14","date_gmt":"2025-09-15T13:03:14","guid":{"rendered":"https:\/\/www.europesays.com\/fr\/392626\/"},"modified":"2025-09-15T13:03:14","modified_gmt":"2025-09-15T13:03:14","slug":"smartphone-atelier-photo-indice-de-durabilite-et-duels-epiques-avec-podasai-le-programme-des-jours-les-plus-tech-a-ne-pas-manquer","status":"publish","type":"post","link":"https:\/\/www.europesays.com\/fr\/392626\/","title":{"rendered":"Smartphone, atelier photo, indice de durabilit\u00e9 et duels \u00e9piques avec Podasai : le programme des Jours Les Plus Tech \u00e0 ne pas manquer"},"content":{"rendered":"<p class=\"ed__a-p ed__bdy__l\"><img loading=\"lazy\" decoding=\"async\" src=\"data:image\/svg+xml,%3Csvg xmlns='http:\/\/www.w3.org\/2000\/svg'%3E%3C\/svg%3E\" draggable=\"false\" width=\"3840\" height=\"1200\" class=\"ed__title-xxs\" alt=\"Les Jours Les Plus Tech 2025\" style=\"background-color: #f2f2f2; aspect-ratio:3840\/1200;\"\/><\/p>\n<p>Le programme de la semaine du 15 au 21 septembre<\/p>\n<p>\u00a9 Les Num\u00e9riques<\/p>\n<\/p>\n<p class=\"ed__a-p ed__bdy__l\">Du 28 ao\u00fbt au 24 septembre prochains, les \u00e9quipes des Num\u00e9riques animeront l&rsquo;\u00e9tage -1 de Beaugrenelle. Venez d\u00e9couvrir les coulisses de l&rsquo;\u00e9mission Twitch La Quotidienne avec les diff\u00e9rents animateurs de la r\u00e9daction comme Crono, Rapha\u00ebl, Bastien ou Julien. Vous pourrez \u00e9galement participer \u00e0 des conf\u00e9rences organis\u00e9es par les membres de la r\u00e9daction, qui vous aideront \u00e0 choisir vos appareils \u00e9lectrom\u00e9nagers et vos produits high-tech.<\/p>\n<p>Le programme du 15 au 21 septembreLive Twitch : retrouvez notre \u00e9quipe en direct de Beaugrenelle<\/p>\n<p class=\"ed__a-p ed__bdy__l\">Mercredi 17\/9 et samedi 20\/9 : suivez le direct de 11\u00a0h\u00a030 \u00e0 12\u00a0h\u00a030 de La Quotidienne comme si vous \u00e9tiez sur le plateau et d\u00e9couvrez toute l&rsquo;actualit\u00e9 de la tech.<\/p>\n<p class=\"ed__a-p ed__bdy__l\"><img loading=\"lazy\" decoding=\"async\" src=\"data:image\/svg+xml,%3Csvg xmlns='http:\/\/www.w3.org\/2000\/svg'%3E%3C\/svg%3E\" draggable=\"false\" width=\"4080\" height=\"3072\" class=\"ed__title-xxs\" alt=\"La Quotidienne en direct et sur Twitch pendand Les Jours Les Plus Tech\" style=\"background-color: #f2f2f2; aspect-ratio:4080\/3072;\"\/><\/p>\n<p>Une ambiance d\u00e9brid\u00e9e sur La Quotidienne.<\/p>\n<p>\u00a9 RL \/ Les Num\u00e9riques<\/p>\n<\/p>\n<p>Conseils conso : indice durabilit\u00e9 avec l&rsquo;ADEME et smartphone<\/p>\n<p class=\"ed__a-p ed__bdy__l\">Cette semaine, nous vous proposons deux conf\u00e9rences pour vous aider \u00e0 bien choisir votre mat\u00e9riel high-tech et \u00e9lectrom\u00e9nager.<\/p>\n<ul class=\"ed__lists ed__bdy__l\">\n<li>Mercredi 17 septembre \u00e0 partir de 12\u00a0h\u00a030, juste apr\u00e8s notre l&rsquo;actu tech, Tanguy Toussaint et Renaud Labracherie re\u00e7oivent Anne-Charlotte Bonjean, coordinatrice durabilit\u00e9 des \u00e9quipements et ressources chez ADEME pour parler indice de durabilit\u00e9, r\u00e9parabilit\u00e9 et consommation durable. Nous d\u00e9couvrirons ce qui se cache derri\u00e8re ces indices et pourquoi ils sont importants.<\/li>\n<li>Le samedi 20 septembre, Tanguy Toussaint invite Laure Renouard pour parler smartphone et surtout comment bien choisir le mod\u00e8le qui vous convient. Elle reviendra sur comment sont r\u00e9alis\u00e9s les tests \u00e0 la r\u00e9daction et quels crit\u00e8res sont importants pour acheter le bon smartphone.<\/li>\n<\/ul>\n<p>D\u00e9monstrations et ateliers : r\u00e9paration et de beaux portraits<\/p>\n<ul class=\"ed__lists ed__bdy__l\">\n<li>Mercredi 17 septembre \u00e0 partir de 13\u00a0h\u00a030, Les Num\u00e9riques invite <a href=\"https:\/\/fr.ifixit.com\" target=\"_blank\" rel=\"nofollow noopener\">Sandra Auboy de iFixit<\/a> et le streamer <a href=\"https:\/\/www.twitch.tv\/cabridiy\" target=\"_blank\" rel=\"nofollow noopener\">Nicolas Cabridens<\/a> pour une \u00e9mission sp\u00e9ciale r\u00e9paration. D\u00e9couvrez comment ouvrir une console Nintendo Switch ou comment changer le film protecteur d&rsquo;un smartphone.<\/li>\n<li>Samedi 20 septembre \u00e0 partir de 13\u00a0h\u00a030, retrouvez la photographe Sabrina (<a href=\"https:\/\/www.grainedephotographe.com\" target=\"_blank\" rel=\"nofollow noopener\">Graine de Photographe<\/a>) qui vous proposera un atelier \u00ab\u00a0Portrait au smartphone\u00a0\u00bb afin de d\u00e9couvrir tout le potentiel de vos appareils et mettre en valeur votre sujet.<\/li>\n<\/ul>\n<p class=\"ed__a-p ed__bdy__l\"><img loading=\"lazy\" decoding=\"async\" src=\"data:image\/svg+xml,%3Csvg xmlns='http:\/\/www.w3.org\/2000\/svg'%3E%3C\/svg%3E\" draggable=\"false\" width=\"3072\" height=\"1729\" class=\"ed__title-xxs\" alt=\"Atelier portrait au smartphone pendant les jours les plus tech\" style=\"background-color: #f2f2f2; aspect-ratio:3072\/1729;\"\/><\/p>\n<p>Atelier portrait au smartphone pendant Les Jours Les Plus Tech<\/p>\n<p>\u00a9 LR \/ Les Num\u00e9riques<\/p>\n<\/p>\n<p>Venez d\u00e9fier Podasai (Gentle Mate) en duel<\/p>\n<p class=\"ed__a-p ed__bdy__l\">Notre semaine Les Jours Les Plus Tech se termine avec un \u00e9v\u00e8nement exceptionnel le dimanche 21 \u00e0 14\u00a0h\u00a030. En effet, le public pr\u00e9sent aura la possibilit\u00e9 d&rsquo;affronter le c\u00e9l\u00e8bre joueur Podasai du <a href=\"https:\/\/www.gentlemates.com\/fr\/\" target=\"_blank\" rel=\"nofollow noopener\">club d&rsquo;esport Gentle Mates<\/a>, en un contre un sur la map Fortnite M8. Ne manquez pas cette occasion unique d&rsquo;affronter l&rsquo;un des meilleurs joueurs actuels.<\/p>\n<p class=\"ed__a-p ed__bdy__l\"><img loading=\"lazy\" decoding=\"async\" src=\"data:image\/svg+xml,%3Csvg xmlns='http:\/\/www.w3.org\/2000\/svg'%3E%3C\/svg%3E\" draggable=\"false\" width=\"5504\" height=\"8256\" class=\"ed__title-xxs\" alt=\"podasai des gentle mates\" style=\"background-color: #f2f2f2; aspect-ratio:5504\/8256;\"\/><\/p>\n<p>Podasai des Gentle Mates<\/p>\n<p>\u00a9 Gentle Mates<\/p>\n<\/p>\n<p>R\u00e9trogaming : reprenez les manettes de votre enfance<\/p>\n<p class=\"ed__a-p ed__bdy__l\">Dimanche 21 septembre, vous retrouverez sur l&rsquo;espace Les Jours les plus tech \u00e0 partir de 16h, une animation r\u00e9trograming pour replonger dans votre enfance. L&rsquo;<a href=\"https:\/\/mo5.com\/fr\/\" target=\"_blank\" rel=\"nofollow noopener\">association MO5<\/a> met en place plusieurs bornes d&rsquo;arcade pour retrouver le plaisir immense des jeux des ann\u00e9es 1990-2000. Super Nintendo, Nintendo Gamecube, Sega Megadrive&#8230; Elles seront toutes l\u00e0 pour votre plus grand plaisir.<\/p>\n<p class=\"ed__a-p ed__bdy__l\"><img loading=\"lazy\" decoding=\"async\" src=\"data:image\/svg+xml,%3Csvg xmlns='http:\/\/www.w3.org\/2000\/svg'%3E%3C\/svg%3E\" draggable=\"false\" width=\"2796\" height=\"1730\" class=\"ed__title-xxs\" alt=\"r\u00e9tro gaming pendant Les Jours Les Plus Tech avec l'association MO5.\" style=\"background-color: #f2f2f2; aspect-ratio:2796\/1730;\"\/><\/p>\n<p class=\"ed__a-p ed__bdy__l\">Les Num\u00e9riques s\u2019installe \u00e0 Beaugrenelle Paris pour Les Jours Les Plus Tech : d\u00e9monstrations de produits, conseils d\u2019usage ou d\u2019achat, \u00e9changes avec nos journalistes\u2026<a href=\"https:\/\/www.lesnumeriques.com\/evenement\/les-jours-les-plus-tech-2025.html\" rel=\"nofollow noopener\" target=\"_blank\">D\u00e9couvrez le programme complet<\/a>.<\/p>\n<p class=\"ed__a-p ed__bdy__l\">Les Num\u00e9riques s\u2019installe \u00e0 Beaugrenelle Paris pour <a href=\"https:\/\/www.lesnumeriques.com\/evenement\/les-jours-les-plus-tech-2025.html\" rel=\"nofollow noopener\" target=\"_blank\">Les Jours Les Plus Tech<\/a> : d\u00e9monstrations de produits, conseils d\u2019usage ou d\u2019achat, \u00e9changes avec nos journalistes\u2026D\u00e9couvrez le <a href=\"https:\/\/www.lesnumeriques.com\/evenement\/les-jours-les-plus-tech-2025.html\" rel=\"nofollow noopener\" target=\"_blank\">programme complet<\/a>.<\/p>\n","protected":false},"excerpt":{"rendered":"Le programme de la semaine du 15 au 21 septembre \u00a9 Les Num\u00e9riques Du 28 ao\u00fbt au 24&hellip;\n","protected":false},"author":2,"featured_media":392627,"comment_status":"","ping_status":"","sticky":false,"template":"","format":"standard","meta":{"footnotes":""},"categories":[7],"tags":[1011,27,43,40,41,39,42,44],"class_list":{"0":"post-392626","1":"post","2":"type-post","3":"status-publish","4":"format-standard","5":"has-post-thumbnail","7":"category-sciences-et-technologies","8":"tag-fr","9":"tag-france","10":"tag-science","11":"tag-science-and-technology","12":"tag-sciences","13":"tag-sciences-et-technologies","14":"tag-technologies","15":"tag-technology"},"share_on_mastodon":{"url":"https:\/\/pubeurope.com\/@fr\/115208454515137927","error":""},"_links":{"self":[{"href":"https:\/\/www.europesays.com\/fr\/wp-json\/wp\/v2\/posts\/392626","targetHints":{"allow":["GET"]}}],"collection":[{"href":"https:\/\/www.europesays.com\/fr\/wp-json\/wp\/v2\/posts"}],"about":[{"href":"https:\/\/www.europesays.com\/fr\/wp-json\/wp\/v2\/types\/post"}],"author":[{"embeddable":true,"href":"https:\/\/www.europesays.com\/fr\/wp-json\/wp\/v2\/users\/2"}],"replies":[{"embeddable":true,"href":"https:\/\/www.europesays.com\/fr\/wp-json\/wp\/v2\/comments?post=392626"}],"version-history":[{"count":0,"href":"https:\/\/www.europesays.com\/fr\/wp-json\/wp\/v2\/posts\/392626\/revisions"}],"wp:featuredmedia":[{"embeddable":true,"href":"https:\/\/www.europesays.com\/fr\/wp-json\/wp\/v2\/media\/392627"}],"wp:attachment":[{"href":"https:\/\/www.europesays.com\/fr\/wp-json\/wp\/v2\/media?parent=392626"}],"wp:term":[{"taxonomy":"category","embeddable":true,"href":"https:\/\/www.europesays.com\/fr\/wp-json\/wp\/v2\/categories?post=392626"},{"taxonomy":"post_tag","embeddable":true,"href":"https:\/\/www.europesays.com\/fr\/wp-json\/wp\/v2\/tags?post=392626"}],"curies":[{"name":"wp","href":"https:\/\/api.w.org\/{rel}","templated":true}]}}