{"id":392628,"date":"2025-09-15T13:04:24","date_gmt":"2025-09-15T13:04:24","guid":{"rendered":"https:\/\/www.europesays.com\/fr\/392628\/"},"modified":"2025-09-15T13:04:24","modified_gmt":"2025-09-15T13:04:24","slug":"social-la-cgt-demande-des-efforts-aux-patrons-et-regrette-que-lecornu-ne-pose-aucun-acte-de-rupture","status":"publish","type":"post","link":"https:\/\/www.europesays.com\/fr\/392628\/","title":{"rendered":"Social. La CGT demande des efforts aux patrons et regrette que Lecornu \u00ab ne pose aucun acte de rupture \u00bb"},"content":{"rendered":"<p>En r\u00e9action <a href=\"https:\/\/www.ledauphine.com\/economie\/2025\/09\/13\/le-medef-menace-d-une-grande-mobilisation-patronale-si-les-impots-des-entreprises-augmentent\" target=\"_blank\" rel=\"nofollow noopener\">aux propos du pr\u00e9sident du Medef Patrick Martin<\/a> qui a pr\u00e9venu samedi qu&rsquo;une \u00ab grande mobilisation patronale \u00bb serait organis\u00e9e si les imp\u00f4ts des entreprises \u00e9taient augment\u00e9s dans le cadre du budget 2026, la secr\u00e9taire g\u00e9n\u00e9rale de la CGT <a href=\"https:\/\/www.ledauphine.com\/p\/sophie-binet\" target=\"_blank\" rel=\"nofollow noopener\">Sophie Binet<\/a> a exhort\u00e9 ce lundi le patronat \u00e0 arr\u00eater de \u00ab pleurnicher \u00bb et \u00e0 cesser de faire des \u00ab caprices d&rsquo;enfants g\u00e2t\u00e9s\u00a0\u00bb, mettant en avant les \u00ab milliards d&rsquo;aides consenties \u00bb chaque ann\u00e9e aux entreprises.<\/p>\n<p>\u00ab \u00c7a fait huit ans que le patronat \u00e9crit directement toutes les orientations et toutes les politiques d&rsquo;<a href=\"https:\/\/www.ledauphine.com\/p\/emmanuel-macron\" target=\"_blank\" rel=\"nofollow noopener\">Emmanuel Macron<\/a> avec des ministres qui sont les porte-serviettes des patrons \u00bb, a estim\u00e9 Sophie Binet sur TF1. \u00ab Je pense qu&rsquo;il faut que les patrons retrouvent la voie de la d\u00e9cence, \u00e7a n&rsquo;est plus possible qu&rsquo;ils passent leur temps \u00e0 pleurnicher alors que les dividendes atteignent des records en France, alors que les r\u00e9sultats du CAC 40 sont florissants \u00bb, a-t-elle fustig\u00e9.<\/p>\n<p>\u00ab La roue doit tourner\u00a0\u00bb<\/p>\n<p>\u00ab Il y a 211 milliards d&rsquo;aides qui sont consenties chaque ann\u00e9e sans condition ni contrepartie aux entreprises. \u00c7a n&rsquo;est plus possible que pour les patrons, \u00e7a soit uniquement des droits et jamais des devoirs. \u00bb Pour la num\u00e9ro un de la CGT, \u00ab la situation de l&#8217;emploi est catastrophique aujourd&rsquo;hui avec des emplois qui sont supprim\u00e9s dans l&rsquo;industrie malgr\u00e9 ce niveau d&rsquo;aide record pour les entreprises et ces baisses d&rsquo;imp\u00f4ts massives pour les plus riches \u00bb. \u00ab Nous, depuis huit ans, la ceinture a \u00e9t\u00e9 bien serr\u00e9e, on a eu \u00e0 subir une r\u00e9forme violente du code du travail, cinq r\u00e9formes de l&rsquo;assurance ch\u00f4mage, une r\u00e9forme des retraites, et il faudrait encore qu&rsquo;on passe \u00e0 la caisse \u00bb, a-t-elle ajout\u00e9. \u00ab L\u00e0, la roue doit tourner, c&rsquo;est plus possible que le patronat fasse des caprices d&rsquo;enfants g\u00e2t\u00e9s. \u00bb<\/p>\n<p>  \u00ab Plus que jamais n\u00e9cessaire de se mobiliser le 18 \u00bb<\/p>\n<p>La secr\u00e9taire g\u00e9n\u00e9rale de la CGT a rencontr\u00e9 ce lundi \u00e0 Matignon le nouveau Premier ministre <a href=\"https:\/\/www.ledauphine.com\/p\/sebastien-lecornu\" target=\"_blank\" rel=\"nofollow noopener\">S\u00e9bastien Lecornu<\/a>. \u00ab Ce rendez-vous confirme plus que jamais la n\u00e9cessit\u00e9 de se <a href=\"https:\/\/www.ledauphine.com\/social\/2025\/09\/15\/greve-du-18-septembre-trains-ecoles-energie-a-quoi-faut-il-s-attendre\" target=\"_blank\" rel=\"nofollow noopener\">mobiliser le 18 [septembre]<\/a> puisque le Premier ministre, \u00e0 ce stade, parle de rupture dans ses discours, mais ne pose aucun acte de rupture, notamment vis-\u00e0-vis de l&rsquo;\u00c9lys\u00e9e \u00bb, a-t-elle d\u00e9nonc\u00e9. \u00ab \u00c0 part <a href=\"https:\/\/www.ledauphine.com\/politique\/2025\/09\/13\/sebastien-lecornu-j-ai-decide-de-retirer-la-suppression-de-deux-jours-feries\" target=\"_blank\" rel=\"nofollow noopener\">les deux jours f\u00e9ri\u00e9s<\/a>, il n&rsquo;a renonc\u00e9 \u00e0 rien dans le mus\u00e9e des horreurs qu&rsquo;Emmanuel Macron avait pr\u00e9vu dans son projet de budget.\u00a0\u00bb<\/p>\n<p>La num\u00e9ro un de la CGT a dit avoir exig\u00e9 comme \u00ab premi\u00e8re rupture \u00bb l&rsquo;abrogation de la r\u00e9forme des retraites, \u00ab blessure d\u00e9mocratique et sociale qui ne passe pas et qui est \u00e0 l&rsquo;origine de la situation d&rsquo;instabilit\u00e9 politique actuelle \u00bb. Mais elle a expliqu\u00e9 \u00e0 la presse avoir \u00ab senti que le Premier ministre n&rsquo;\u00e9tait absolument pas d\u00e9termin\u00e9 \u00e0 agir \u00bb sur l&rsquo;abrogation de l&rsquo;\u00e2ge de d\u00e9part \u00e0 64 ans.<\/p>\n","protected":false},"excerpt":{"rendered":"En r\u00e9action aux propos du pr\u00e9sident du Medef Patrick Martin qui a pr\u00e9venu samedi qu&rsquo;une \u00ab grande mobilisation&hellip;\n","protected":false},"author":2,"featured_media":392629,"comment_status":"","ping_status":"","sticky":false,"template":"","format":"standard","meta":{"footnotes":""},"categories":[6],"tags":[35,33,34,107,1011,27,329,316,801],"class_list":{"0":"post-392628","1":"post","2":"type-post","3":"status-publish","4":"format-standard","5":"has-post-thumbnail","7":"category-economie","8":"tag-business","9":"tag-economie","10":"tag-economy","11":"tag-fil-info","12":"tag-fr","13":"tag-france","14":"tag-france-monde","15":"tag-politique","16":"tag-social"},"share_on_mastodon":{"url":"https:\/\/pubeurope.com\/@fr\/115208458440489959","error":""},"_links":{"self":[{"href":"https:\/\/www.europesays.com\/fr\/wp-json\/wp\/v2\/posts\/392628","targetHints":{"allow":["GET"]}}],"collection":[{"href":"https:\/\/www.europesays.com\/fr\/wp-json\/wp\/v2\/posts"}],"about":[{"href":"https:\/\/www.europesays.com\/fr\/wp-json\/wp\/v2\/types\/post"}],"author":[{"embeddable":true,"href":"https:\/\/www.europesays.com\/fr\/wp-json\/wp\/v2\/users\/2"}],"replies":[{"embeddable":true,"href":"https:\/\/www.europesays.com\/fr\/wp-json\/wp\/v2\/comments?post=392628"}],"version-history":[{"count":0,"href":"https:\/\/www.europesays.com\/fr\/wp-json\/wp\/v2\/posts\/392628\/revisions"}],"wp:featuredmedia":[{"embeddable":true,"href":"https:\/\/www.europesays.com\/fr\/wp-json\/wp\/v2\/media\/392629"}],"wp:attachment":[{"href":"https:\/\/www.europesays.com\/fr\/wp-json\/wp\/v2\/media?parent=392628"}],"wp:term":[{"taxonomy":"category","embeddable":true,"href":"https:\/\/www.europesays.com\/fr\/wp-json\/wp\/v2\/categories?post=392628"},{"taxonomy":"post_tag","embeddable":true,"href":"https:\/\/www.europesays.com\/fr\/wp-json\/wp\/v2\/tags?post=392628"}],"curies":[{"name":"wp","href":"https:\/\/api.w.org\/{rel}","templated":true}]}}