{"id":392632,"date":"2025-09-15T13:06:11","date_gmt":"2025-09-15T13:06:11","guid":{"rendered":"https:\/\/www.europesays.com\/fr\/392632\/"},"modified":"2025-09-15T13:06:11","modified_gmt":"2025-09-15T13:06:11","slug":"avec-341-deces-le-mois-daout-2025-est-le-plus-meurtrier-depuis-14-ans","status":"publish","type":"post","link":"https:\/\/www.europesays.com\/fr\/392632\/","title":{"rendered":"avec 341 d\u00e9c\u00e8s, le mois d&rsquo;ao\u00fbt 2025 est \u00able plus meurtrier\u00bb depuis 14 ans"},"content":{"rendered":"<p>La mortalit\u00e9 routi\u00e8re a fortement augment\u00e9 (+18%) en ao\u00fbt en France m\u00e9tropolitaine par rapport au m\u00eame mois l\u2019an dernier, a annonc\u00e9 lundi 15 septembre la S\u00e9curit\u00e9 routi\u00e8re.<\/p>\n<p class=\"fig-paragraph\">Le chiffre fait froid dans le dos. La mortalit\u00e9 routi\u00e8re a fortement augment\u00e9 (+18%) en ao\u00fbt en France m\u00e9tropolitaine par rapport au m\u00eame mois l&rsquo;an dernier, a annonc\u00e9 lundi 15 septembre la S\u00e9curit\u00e9 routi\u00e8re, en faisant \u00able plus meurtrier\u00bb depuis 14 ans.<\/p>\n<p class=\"fig-paragraph\">Selon les estimations de l&rsquo;Observatoire national interminist\u00e9riel de la s\u00e9curit\u00e9 routi\u00e8re, 341 personnes sont d\u00e9c\u00e9d\u00e9es le mois dernier sur les routes de l&rsquo;Hexagone, contre 290 en ao\u00fbt 2024.<\/p>\n<p>                                    <a class=\"fig-a11y-skip a11y-hidden\" href=\"#fig-a11y-skip-main-inarticle\"><br \/>\n        Passer la publicit\u00e9<br \/>\n    <\/a><\/p>\n<p class=\"fig-paragraph\">\u00abC&rsquo;est le mois d&rsquo;ao\u00fbt le plus meurtrier sur les routes depuis presque 15 ans\u00bb, a soulign\u00e9 Mich\u00e8le Lugrand, d\u00e9l\u00e9gu\u00e9e interminist\u00e9rielle \u00e0 la S\u00e9curit\u00e9 routi\u00e8re par int\u00e9rim, appelant \u00e0 \u00abse ressaisir collectivement\u00bb. \u00abCette d\u00e9gradation concerne tous les r\u00e9seaux routiers, tous les \u00e2ges et tous les modes de d\u00e9placement, \u00e0 l\u2019exception des deux-roues motoris\u00e9s\u00bb, a-t-elle ajout\u00e9.<\/p>\n<p>\u00abRel\u00e2chement inacceptable des comportements au volant\u00bb<\/p>\n<p class=\"fig-paragraph\">L\u2019ONISR a notamment enregistr\u00e9, par rapport \u00e0 2024, 53 automobilistes, huit pi\u00e9tons et deux cyclistes tu\u00e9s de plus. Elle a rappel\u00e9 les facteurs de risque: exc\u00e8s de vitesse, usage du t\u00e9l\u00e9phone au volant, imprudences, qui \u00abaugmente(nt) consid\u00e9rablement la survenue des drames\u00bb. Le nombre de bless\u00e9s graves (1.601 personnes) est rest\u00e9 stable sur un an en m\u00e9tropole. Sur les routes d\u2019outre-mer, le nombre d\u2019accidents corporels a en revanche baiss\u00e9 de 24%, avec 303 bless\u00e9s et 23 d\u00e9c\u00e8s, soit deux de moins qu\u2019\u00e0 la m\u00eame p\u00e9riode l\u2019an pass\u00e9.<\/p>\n<p class=\"fig-paragraph\">Au mois de juillet, la mortalit\u00e9 routi\u00e8re avait d\u00e9j\u00e0 augment\u00e9 de 23% par rapport \u00e0 l\u2019ann\u00e9e pass\u00e9e, avec 338 personnes d\u00e9c\u00e9d\u00e9es en France m\u00e9tropolitaine. Ce bilan avait alors \u00e9t\u00e9 jug\u00e9 \u00abtr\u00e8s pr\u00e9occupant\u00bb par Fran\u00e7ois-No\u00ebl Buffet, ministre d\u00e9missionnaire aupr\u00e8s du ministre de l\u2019Int\u00e9rieur, qui d\u00e9non\u00e7ait \u00abun rel\u00e2chement inacceptable des comportements au volant\u00bb.<\/p>\n<p class=\"fig-paragraph\">Sur l\u2019ensemble de l\u2019ann\u00e9e 2024, 3.193 d\u00e9c\u00e8s avaient \u00e9t\u00e9 enregistr\u00e9s sur les routes de l\u2019Hexagone, une mortalit\u00e9 quasi stable par rapport \u00e0 l\u2019ann\u00e9e pr\u00e9c\u00e9dente, avec une l\u00e9g\u00e8re baisse des bless\u00e9s, selon les chiffres de l\u2019ONISR.<\/p>\n","protected":false},"excerpt":{"rendered":"La mortalit\u00e9 routi\u00e8re a fortement augment\u00e9 (+18%) en ao\u00fbt en France m\u00e9tropolitaine par rapport au m\u00eame mois l\u2019an&hellip;\n","protected":false},"author":2,"featured_media":392633,"comment_status":"","ping_status":"","sticky":false,"template":"","format":"standard","meta":{"footnotes":""},"categories":[4],"tags":[4376,11,1011,27,12,25,5009],"class_list":{"0":"post-392632","1":"post","2":"type-post","3":"status-publish","4":"format-standard","5":"has-post-thumbnail","7":"category-france","8":"tag-accident-de-la-route","9":"tag-actualites","10":"tag-fr","11":"tag-france","12":"tag-news","13":"tag-republique-francaise","14":"tag-securite-routiere"},"share_on_mastodon":{"url":"https:\/\/pubeurope.com\/@fr\/115208466221042877","error":""},"_links":{"self":[{"href":"https:\/\/www.europesays.com\/fr\/wp-json\/wp\/v2\/posts\/392632","targetHints":{"allow":["GET"]}}],"collection":[{"href":"https:\/\/www.europesays.com\/fr\/wp-json\/wp\/v2\/posts"}],"about":[{"href":"https:\/\/www.europesays.com\/fr\/wp-json\/wp\/v2\/types\/post"}],"author":[{"embeddable":true,"href":"https:\/\/www.europesays.com\/fr\/wp-json\/wp\/v2\/users\/2"}],"replies":[{"embeddable":true,"href":"https:\/\/www.europesays.com\/fr\/wp-json\/wp\/v2\/comments?post=392632"}],"version-history":[{"count":0,"href":"https:\/\/www.europesays.com\/fr\/wp-json\/wp\/v2\/posts\/392632\/revisions"}],"wp:featuredmedia":[{"embeddable":true,"href":"https:\/\/www.europesays.com\/fr\/wp-json\/wp\/v2\/media\/392633"}],"wp:attachment":[{"href":"https:\/\/www.europesays.com\/fr\/wp-json\/wp\/v2\/media?parent=392632"}],"wp:term":[{"taxonomy":"category","embeddable":true,"href":"https:\/\/www.europesays.com\/fr\/wp-json\/wp\/v2\/categories?post=392632"},{"taxonomy":"post_tag","embeddable":true,"href":"https:\/\/www.europesays.com\/fr\/wp-json\/wp\/v2\/tags?post=392632"}],"curies":[{"name":"wp","href":"https:\/\/api.w.org\/{rel}","templated":true}]}}