{"id":392642,"date":"2025-09-15T13:11:14","date_gmt":"2025-09-15T13:11:14","guid":{"rendered":"https:\/\/www.europesays.com\/fr\/392642\/"},"modified":"2025-09-15T13:11:14","modified_gmt":"2025-09-15T13:11:14","slug":"on-a-plante-200-pieds-de-tomates","status":"publish","type":"post","link":"https:\/\/www.europesays.com\/fr\/392642\/","title":{"rendered":"On a plant\u00e9 200 pieds\u00a0de\u00a0tomates"},"content":{"rendered":"<p>            Par<br \/>\n        <strong><br \/>\n            <a href=\"https:\/\/actu.fr\/auteur\/pierre-emile-bouchy-actu-fr\" title=\"Consulter tous les articles de Paul-Emile Bouchy\" target=\"_blank\" rel=\"noopener\">Paul-Emile Bouchy<\/a><br \/>\n        <\/strong><\/p>\n<p>        Publi\u00e9 le<\/p>\n<p>            15 sept. 2025 \u00e0 14h24        <\/p>\n<p>Alors que la <a href=\"https:\/\/actu.fr\/grand-est\/nancy_54395\/transformation-de-l-ensemble-carnot-leopold-a-nancy-on-vous-devoile-tout-de-ce-projet-a-38-millions-d-euros_62638687.html\" target=\"_blank\" rel=\"noopener\">place Carnot doit \u00eatre transform\u00e9e<\/a>\u00a0dans les prochaines ann\u00e9es, l\u2019ancien socle de <a href=\"https:\/\/actu.fr\/grand-est\/nancy_54395\/transformation-de-l-ensemble-carnot-leopold-la-fontaine-va-faire-son-grand-retour_62667254.html\" target=\"_blank\" rel=\"noopener\">la fontaine<\/a> qui se trouve en son centre est v\u00e9g\u00e9talis\u00e9 depuis quelques mois. Les agents municipaux y ont plant\u00e9 quelques plantes et arbustes.<\/p>\n<p class=\" wall-content\">Mais d\u00e9sormais, ces esp\u00e8ces sont accompagn\u00e9es de <strong>plusieurs vari\u00e9t\u00e9s de l\u00e9gumes plant\u00e9s par des \u00ab\u2009jardiniers pirates\u2009\u00bb<\/strong>.<\/p>\n<p>Un \u00ab\u2009jardin pirate\u2009\u00bb dans le centre-ville de Nancy<\/p>\n<p class=\" wall-content\">Plant\u00e9 durant deux soir\u00e9es du mois de juin, ce \u00ab\u2009jardin pirate\u2009\u00bb occupe d\u00e9sormais massivement le centre de la place Carnot. \u00ab<strong>\u2009On a plant\u00e9 200 pieds de tomates mais aussi des aubergines, des concombres, des melons, des courges<\/strong>, explique Joseph*, membre du groupe Jardins Pirates de Nancy. Les policiers sont venus nous voir mais ils nous ont pris pour des agents de la Ville.\u2009\u00bb<\/p>\n<p class=\" wall-content\">Pour ce \u00ab\u2009pirate\u2009\u00bb, ce jardin est un vrai succ\u00e8s\u2009: \u00ab\u2009C\u2019est plut\u00f4t bien respect\u00e9 et les pieds n\u2019ont pas \u00e9t\u00e9 arrach\u00e9s. <strong>Des SDF sont pass\u00e9s pour prendre quelques l\u00e9gumes. Je trouve \u00e7a hyper cool.<\/strong>\u2009\u00bb<\/p>\n<p>    <img   decoding=\"async\" loading=\"lazy\" src=\"https:\/\/www.europesays.com\/fr\/wp-content\/uploads\/2025\/09\/jardin-pirate-place-carnot-nancy-960x640.jpg\" alt=\"Les l\u00e9gumes poussent \u00e0 leur rythme au centre de la place Carnot.\" width=\"960\" height=\"640\"\/><br \/>\n    Les l\u00e9gumes poussent \u00e0 leur rythme au centre de la place Carnot. (\u00a9Paul-Emile Bouchy \/ Lorraine Actu)Un acte ill\u00e9gal mais qui ne vise pas \u00e0 d\u00e9t\u00e9riorer<\/p>\n<p class=\" wall-content\">L\u2019objectif de cette op\u00e9ration est de montrer qu\u2019il y a \u00ab\u2009une forme d\u2019abondance\u2009\u00bb. \u00ab\u2009On a juste fait la plantation et on est venu un peu d\u00e9sherber, mais pas plus\u2009\u00bb, indique Joseph.<\/p>\n<p class=\" wall-content\">Cette pratique reste cependant ill\u00e9gale\u2009: \u00ab<strong>\u2009L\u2019id\u00e9e de nos actions est toujours de le faire avec intelligence, pas \u00e0 d\u00e9t\u00e9riorer le travail des agents<\/strong> qui s\u2019occupent des espaces verts. On aimerait bien justement pouvoir avoir un contact municipal pour ne pas planter aux mauvais endroits, tout en conservant notre libert\u00e9.\u2009\u00bb<\/p>\n<p>Votre r\u00e9gion, votre actu !<\/p>\n<p>Recevez chaque jour les infos qui comptent pour vous.<\/p>\n<p>\t<a href=\"https:\/\/actu.fr\/newsletter\" class=\"ac-btn ac-btn--corner ac-btn--medium ac-btn--blue800\" target=\"_blank\" rel=\"noopener\">S&rsquo;incrire<\/a><br \/>\n\u00ab\u2009On ne peut pas encourager cela\u2009\u00bb, explique la Ville<\/p>\n<p class=\" wall-content\">Contact\u00e9 par Lorraine Actu, Lo\u00efc Delagneau, chef du service biodiversit\u00e9 urbain \u00e0 la Ville de Nancy, indique que <strong>cette action \u00ab\u2009reste limit\u00e9e\u2009\u00bb et \u00ab\u2009n\u2019a pas pos\u00e9 de probl\u00e8me particulier\u2009\u00bb<\/strong>\u2009: \u00ab\u2009On a d\u2019ailleurs laiss\u00e9 la signal\u00e9tique mais ce ne sont pas des choses qu\u2019on encourage. On les invite plut\u00f4t \u00e0 venir \u00e9changer avec nous dans le cadre des actions de jardins partag\u00e9s par exemple.\u2009\u00bb<\/p>\n<p class=\" wall-content\">En attendant, le jardin est toujours en place et a vocation \u00e0 perdurer\u2009: \u00ab\u2009On pense continuer \u00e0 investir cet endroit en mettant une autre culture selon la saison\u2009\u00bb, conclut Joseph.<\/p>\n<p class=\" wall-content\">* Le pr\u00e9nom a \u00e9t\u00e9 modifi\u00e9 pour des raisons d\u2019anonymat<\/p>\n<p class=\" wall-content\">Personnalisez votre actualit\u00e9 en ajoutant vos villes et m\u00e9dias en favori avec <a href=\"https:\/\/moncompte.actu.fr\" title=\"D\u00e9couvez Mon Actu\" rel=\"nofollow noopener\" data-trk=\"{&quot;cta&quot;:{&quot;action&quot;:&quot;https:\\\/\\\/moncompte.actu.fr&quot;,&quot;category&quot;:&quot;mon compte&quot;,&quot;from&quot;:&quot;article footer&quot;,&quot;name&quot;:&quot;Mon actu&quot;,&quot;type&quot;:&quot;cta&quot;}}\" target=\"_blank\">Mon Actu<\/a>.<\/p>\n","protected":false},"excerpt":{"rendered":"Par Paul-Emile Bouchy Publi\u00e9 le 15 sept. 2025 \u00e0 14h24 Alors que la place Carnot doit \u00eatre transform\u00e9e\u00a0dans&hellip;\n","protected":false},"author":2,"featured_media":392643,"comment_status":"","ping_status":"","sticky":false,"template":"","format":"standard","meta":{"footnotes":""},"categories":[9635],"tags":[1111,11,1777,674,1011,27,775,2575,1702,12,25,104],"class_list":{"0":"post-392642","1":"post","2":"type-post","3":"status-publish","4":"format-standard","5":"has-post-thumbnail","7":"category-nancy","8":"tag-actu","9":"tag-actualites","10":"tag-eu","11":"tag-europe","12":"tag-fr","13":"tag-france","14":"tag-grand-est","15":"tag-jardinage","16":"tag-nancy","17":"tag-news","18":"tag-republique-francaise","19":"tag-societe"},"share_on_mastodon":{"url":"https:\/\/pubeurope.com\/@fr\/115208485988047976","error":""},"_links":{"self":[{"href":"https:\/\/www.europesays.com\/fr\/wp-json\/wp\/v2\/posts\/392642","targetHints":{"allow":["GET"]}}],"collection":[{"href":"https:\/\/www.europesays.com\/fr\/wp-json\/wp\/v2\/posts"}],"about":[{"href":"https:\/\/www.europesays.com\/fr\/wp-json\/wp\/v2\/types\/post"}],"author":[{"embeddable":true,"href":"https:\/\/www.europesays.com\/fr\/wp-json\/wp\/v2\/users\/2"}],"replies":[{"embeddable":true,"href":"https:\/\/www.europesays.com\/fr\/wp-json\/wp\/v2\/comments?post=392642"}],"version-history":[{"count":0,"href":"https:\/\/www.europesays.com\/fr\/wp-json\/wp\/v2\/posts\/392642\/revisions"}],"wp:featuredmedia":[{"embeddable":true,"href":"https:\/\/www.europesays.com\/fr\/wp-json\/wp\/v2\/media\/392643"}],"wp:attachment":[{"href":"https:\/\/www.europesays.com\/fr\/wp-json\/wp\/v2\/media?parent=392642"}],"wp:term":[{"taxonomy":"category","embeddable":true,"href":"https:\/\/www.europesays.com\/fr\/wp-json\/wp\/v2\/categories?post=392642"},{"taxonomy":"post_tag","embeddable":true,"href":"https:\/\/www.europesays.com\/fr\/wp-json\/wp\/v2\/tags?post=392642"}],"curies":[{"name":"wp","href":"https:\/\/api.w.org\/{rel}","templated":true}]}}