{"id":392688,"date":"2025-09-15T13:37:10","date_gmt":"2025-09-15T13:37:10","guid":{"rendered":"https:\/\/www.europesays.com\/fr\/392688\/"},"modified":"2025-09-15T13:37:10","modified_gmt":"2025-09-15T13:37:10","slug":"prenez-vos-places-liberation","status":"publish","type":"post","link":"https:\/\/www.europesays.com\/fr\/392688\/","title":{"rendered":"prenez vos places\u00a0! \u2013 Lib\u00e9ration"},"content":{"rendered":"<p class=\"sc-cPiKLX AiZTS text-element\"><b>Jeunesse, transports, logement, biodiversit\u00e9\u2026 En 2025, <\/b><a href=\"https:\/\/www.liberation.fr\/dossier\/climat-libe-tour\/\" target=\"_blank\" rel=\"nofollow noopener\"><b>Lib\u00e9 <\/b><b>explore la th\u00e9matique de la transition \u00e9cologique<\/b><\/a><b> lors d\u2019une s\u00e9rie de rendez-vous gratuits et grand public. Objectif : trouver des solutions au plus pr\u00e8s du quotidien des citoyens. Derni\u00e8re \u00e9tape de notre \u00e9dition 2025 : Marseille, les 10 et 11 octobre. Un \u00e9v\u00e9nement r\u00e9alis\u00e9 en partenariat avec la ville de Marseille, ainsi qu\u2019avec le soutien de la Citadelle, de France Travail, du groupe SOS, de l\u2019Ademe, de l\u2019Office fran\u00e7ais de la biodiversit\u00e9 (OFB), de la Fondation Jean Jaur\u00e8s, de Greenpeace, d\u2019Oxfam, de France nature environnement, du Lierre et de <\/b><b>Vert, le m\u00e9dia<\/b><b>.<\/b> <\/p>\n<p class=\"sc-cPiKLX AiZTS text-element\">Marseille br\u00fble. Litt\u00e9ralement. Dans les passoires thermiques des quartiers du Panier et de la Belle de Mai, le thermom\u00e8tre s\u2019emballe chaque \u00e9t\u00e9, transformant les logements en fournaises invivables. Comment parler de transition \u00e9cologique ? Comment lutter contre la pr\u00e9carit\u00e9 \u00e9nerg\u00e9tique ? Comment faire de la transition \u00e9cologique une n\u00e9cessit\u00e9 ?<\/p>\n<p class=\"sc-cPiKLX AiZTS text-element\">Voil\u00e0 le d\u00e9fi marseillais : faire de l\u2019urgence climatique un levier contre les in\u00e9galit\u00e9s, et non un facteur aggravant. Dans une ville o\u00f9 les contrastes se lisent jusque dans l\u2019acc\u00e8s aux espaces naturels, red\u00e9finir l\u2019\u00e9cologie devient vital. Et les initiatives se multiplient. Jardins partag\u00e9s de la Busserine, coop\u00e9rative solaire du Merlan, mobilisations contre les pollutions portuaires \u00e0 l\u2019Estaque\u2026 Ces exp\u00e9rimentations t\u00e9moignent d\u2019une appropriation concr\u00e8te des enjeux environnementaux, loin des clich\u00e9s sur le pr\u00e9tendu d\u00e9sint\u00e9r\u00eat populaire.<\/p>\n<p class=\"sc-cPiKLX AiZTS text-element\">L\u2019\u00e9cologie populaire refuse le mis\u00e9rabilisme comme l\u2019injonction moralisatrice. Ni pragmatisme de fa\u00e7ade, ni luxe de privil\u00e9gi\u00e9s : un combat pour la dignit\u00e9 partag\u00e9e face au d\u00e9fi climatique. Comment d\u00e9passer l\u2019\u00e9cologie des beaux quartiers ? Comment faire dialoguer les savoirs environnementaux pr\u00e9sents sur tout le territoire ? Comment articuler transformations syst\u00e9miques et diversit\u00e9 des r\u00e9alit\u00e9s locales ?<\/p>\n<p class=\"sc-cPiKLX AiZTS text-element\"><b>Les 10 et 11 octobre prochains, le Climat Lib\u00e9 Tour s\u2019installe \u00e0 la Citadelle, fronti\u00e8re symbolique des multiples Marseille, pour explorer une \u00e9cologie transversale aux fractures sociales. <\/b>La r\u00e9conciliation entre imp\u00e9ratifs \u00e9cologiques et justice sociale conditionne toute transformation durable de nos territoires. <b>Inscrivez-vous d\u00e8s maintenant pour <\/b><a href=\"https:\/\/shotgun.live\/fr\/events\/climat-libe-tour-marseille\" target=\"_blank\" rel=\"nofollow noopener\" title=\"https:\/\/shotgun.live\/fr\/events\/climat-libe-tour-marseille\"><b>le vendredi<\/b><\/a><b> et <\/b><a href=\"https:\/\/www.eventbrite.fr\/e\/climat-libe-tour-marseille-tickets-1682532543129\" target=\"_blank\" rel=\"nofollow noopener\" title=\"https:\/\/www.eventbrite.fr\/e\/climat-libe-tour-marseille-tickets-1682532543129\"><b>le samedi<\/b><\/a><b> !<\/b> <\/p>\n<p class=\"sc-cPiKLX AiZTS text-element\">Retrouvez <b>Samah Karaki<\/b>, neuroscientifique, autrice de L\u2019empathie est politique, <b>William Benedetto, <\/b>directeur du cin\u00e9ma l\u2019Alhambra \u00e0 Marseille, <b>Olivier Poivre d\u2019Arvor<\/b>, ambassadeur pour les p\u00f4les et les enjeux maritimes, <b>Achraf Manar<\/b>, jeune leader et fondateur du mouvement Destins li\u00e9s, <b>Mathilde Caillard<\/b> alias <b>MC danse pour le climat<\/b>, techno activiste, <b>Paul Klotz<\/b>, haut fonctionnaire, normalien et expert associ\u00e9 \u00e0 la Fondation Jean Jaur\u00e8s\u2026 <a href=\"https:\/\/www.eventbrite.fr\/e\/climat-libe-tour-marseille-tickets-1682532543129\" target=\"_blank\" rel=\"nofollow noopener\" title=\"https:\/\/www.eventbrite.fr\/e\/climat-libe-tour-marseille-tickets-1682532543129\"><b>Inscrivez-vous !<\/b><\/a> <\/p>\n<p class=\"sc-cPiKLX AiZTS text-element\"><b>De 18 heures \u00e0 22 heures.<\/b> Le Climat Lib\u00e9 Tour revient avec son Food court \u00e9coresponsable et engag\u00e9, coorganis\u00e9 avec l\u2019association Festin et la Communaut\u00e9 Ecotable. Rendez-vous sur la terrasse et la cour Demi-Lune de la Citadelle pour d\u00e9couvrir les stands de chefs marseillais \u00e9coresponsables et solidaires avec des propositions 100 % locales et v\u00e9g\u00e9tariennes. Avec <b>Cocotero<\/b>, <b>Le Pr\u00e9sage<\/b>, <b>Libala <\/b>et <b>Grenade et Pistache.<\/b> <\/p>\n<p class=\"sc-cPiKLX AiZTS text-element\"><b>Dans le cadre du Food Court, participez \u00e0 18 heures au d\u00e9bat \u00abPeut-on encore manger des bananes ?\u00bb <\/b>avec les fondateurs de <b>Grenade et Pistache<\/b> et <b>Libala<\/b>, ainsi que de nombreux autres invit\u00e9s. La discussion explorera les impacts carbone de la cuisine venue d\u2019ailleurs, en confrontant produits exotiques et locaux : banane colombienne vs volaille locale, avocat p\u00e9ruvien vs comt\u00e9 jurassien. Le d\u00e9bat questionnera si manger local rime forc\u00e9ment avec durabilit\u00e9 et comment concilier particularismes culinaires et limites plan\u00e9taires. <a href=\"https:\/\/shotgun.live\/fr\/events\/climat-libe-tour-marseille\" target=\"_blank\" rel=\"nofollow noopener\" title=\"https:\/\/shotgun.live\/fr\/events\/climat-libe-tour-marseille\"><b>Prenez vos places ici<\/b><\/a><b>.<\/b> <\/p>\n<p class=\"sc-cPiKLX AiZTS text-element\"><b>De 19 heures \u00e0 20 heures. Session live de l\u2019artiste marseillaise Amalia.<\/b> <\/p>\n<p class=\"sc-cPiKLX AiZTS text-element\">Amalia avance entre pop et musiques urbaines, avec une plume ac\u00e9r\u00e9e, une voix douce et une sinc\u00e9rit\u00e9 d\u00e9sarmante. D\u2019abord remarqu\u00e9e \u00e0 travers des freestyles puissants, elle signe deux EP o\u00f9 se croisent \u00e9motion brute, engagement et introspection. Aujourd\u2019hui, elle d\u00e9veloppe un projet exigeant, libre et profond\u00e9ment personnel entour\u00e9e d\u2019une \u00e9quipe solide qui l\u2019accompagne dans chaque \u00e9tape. Chaque morceau devient un espace de lien, de v\u00e9rit\u00e9, de r\u00e9sonance. Laur\u00e9ate du Delta Festival, soutenue par le Chantier des Francofolies, invit\u00e9e aux Jeux Paralympiques de Paris, Amalia impose une voix singuli\u00e8re, libre et en pleine ascension.<b> <\/b><a href=\"https:\/\/www.eventbrite.fr\/e\/climat-libe-tour-marseille-tickets-1682532543129\" target=\"_blank\" rel=\"nofollow noopener\" title=\"https:\/\/www.eventbrite.fr\/e\/climat-libe-tour-marseille-tickets-1682532543129\"><b>Inscrivez-vous<\/b><\/a><b> <\/b><a href=\"https:\/\/shotgun.live\/fr\/events\/climat-libe-tour-marseille\" target=\"_blank\" rel=\"nofollow noopener\" title=\"https:\/\/shotgun.live\/fr\/events\/climat-libe-tour-marseille\"><b>!<\/b><\/a> <\/p>\n<p class=\"sc-cPiKLX AiZTS text-element\"><b>De 20 heures \u00e0 21 h 30. \u00abQui est Qui ?\u00bb <\/b>Ce soir, on rallume la t\u00e9l\u00e9 de ton papa ! L\u2019animatrice Marie-Angel sort de sa retraite m\u00e9diatique pour vous entra\u00eener dans les tr\u00e9fonds de l\u2019INA, peupl\u00e9s d\u2019archives absurdes et d\u2019illustres inconnus qui souvent ont des moustaches. A vous de deviner qui est qui\u2026 Un vrai jeu t\u00e9l\u00e9, avec de vraies questions en direct, et de vrais cadeaux \u00e0 gagner ! <\/p>\n<p class=\"sc-cPiKLX AiZTS text-element\"><b>De 21 h 30 \u00e0 minuit. DJ set <\/b>de<b> MC danse pour le Climat b2b RemremX <\/b>membres de Plan\u00e8te Boum Boum<b>. <\/b><a href=\"https:\/\/shotgun.live\/fr\/events\/climat-libe-tour-marseille\" target=\"_blank\" rel=\"nofollow noopener\" title=\"https:\/\/shotgun.live\/fr\/events\/climat-libe-tour-marseille\"><b>Pour prendre ses places, c\u2019est ici !<\/b><\/a> <\/p>\n<p class=\"sc-cPiKLX AiZTS text-element\"><b>De 9 heures \u00e0 16 heures. Le Parlement G\u00e9n\u00e9ration Transition fait escale \u00e0 Marseille. <\/b>Plus d\u2019une centaine de jeunes sont r\u00e9unis pour r\u00e9fl\u00e9chir \u00e0 la r\u00e9invention de leur ville face \u00e0 la transition \u00e9cologique. Depuis 2023, cette exp\u00e9rience d\u00e9mocratique in\u00e9dite parcourt la France, transformant des \u00e9l\u00e8ves de primaire, coll\u00e8ge et lyc\u00e9e en l\u00e9gislateurs d\u2019un jour : quiz pour comprendre les enjeux environnementaux, \u00e9changes avec des sp\u00e9cialistes et des \u00e9lus, d\u00e9bat entre les \u00e9l\u00e8ves. <\/p>\n<p class=\"sc-cPiKLX AiZTS text-element\"><b>De 9 heures \u00e0 13 heures. Mission transition : matin\u00e9e de formation. <\/b>Comment mieux sensibiliser et outiller les agents publics face aux enjeux de la transition \u00e9cologique ? Mission Transition r\u00e9pond \u00e0 cette ambition en proposant une matin\u00e9e de formation intensive destin\u00e9e aux agents publics territoriaux, port\u00e9e par deux acteurs majeurs de la transformation \u00e9cologique de l\u2019action publique : l\u2019Ademe et Le Lierre. <\/p>\n<p class=\"sc-cPiKLX AiZTS text-element\"><b>De 11 heures \u00e0 12 h 30. Classes populaires et \u00e9cologie : r\u00e9concilier l\u2019inconciliable ?<\/b> On entend souvent dire que classes populaires et \u00e9cologie ne vont pas ensemble. Mais la r\u00e9alit\u00e9 raconte une autre histoire. Les personnes aux revenus les plus modestes sont celles qui subissent le plus la pollution, le mal-logement ou encore les effets du r\u00e9chauffement climatique. R\u00e9ussir la transition \u00e9cologique, c\u2019est offrir \u00e0 chacun des conditions de vie dignes, saines et justes. Comment faire en sorte que l\u2019\u00e9cologie parle \u00e0 tout le monde et profite \u00e0 chacun ? Avec <b>Samah Karaki<\/b>, neuroscientifique, autrice de L\u2019empathie est politique (JC Latt\u00e8s) et <b>William Benedetto, <\/b>directeur du cin\u00e9ma l\u2019Alhambra de Marseille. Rencontre anim\u00e9e par <a href=\"https:\/\/www.liberation.fr\/auteur\/aurore-coulaud\/\" target=\"_blank\" rel=\"nofollow noopener\" title=\"https:\/\/www.liberation.fr\/auteur\/aurore-coulaud\/\">Aurore Coulaud<\/a>, journaliste sp\u00e9cialis\u00e9e dans les questions d\u2019environnement \u00e0 Lib\u00e9ration. <a href=\"https:\/\/www.eventbrite.fr\/e\/climat-libe-tour-marseille-tickets-1682532543129\" target=\"_blank\" rel=\"nofollow noopener\" title=\"https:\/\/www.eventbrite.fr\/e\/climat-libe-tour-marseille-tickets-1682532543129\"><b>Inscrivez-vous ici !<\/b><\/a> <\/p>\n<p class=\"sc-cPiKLX AiZTS text-element\"><b>De 14 heures \u00e0 15 h 30. Comment faire entendre sa voix ? <\/b>Assembl\u00e9es citoyennes, conseils de quartiers, concertations publiques\u2026 M\u00eames lieux, m\u00eames visages : urbains, dipl\u00f4m\u00e9s, disponibles. Mais o\u00f9 sont tous les autres ? Jeunes des quartiers populaires, familles monoparentales, travailleurs pr\u00e9caires\u2026 Comment faire pour que ces personnes, les premi\u00e8res concern\u00e9es, puissent enfin avoir leur mot \u00e0 dire dans les d\u00e9cisions qui impactent leur quotidien ? Avec <b>Achraf Manar<\/b>, jeune leader et fondateur du mouvement Destins li\u00e9s, <b>Mathilde Caillard<\/b> alias <b>MC danse pour le climat<\/b>, techno activiste et <b>Ferr\u00e9ol Delmas, <\/b>directeur du think tank \u00abEcologie responsable\u00bb. Rencontre anim\u00e9e par Camille Rio, journaliste \u00e0 Lib\u00e9ration. <a href=\"https:\/\/www.eventbrite.fr\/e\/climat-libe-tour-marseille-tickets-1682532543129\" target=\"_blank\" rel=\"nofollow noopener\" title=\"https:\/\/www.eventbrite.fr\/e\/climat-libe-tour-marseille-tickets-1682532543129\"><b>Entr\u00e9e gratuite, sur inscription.<\/b><\/a> <\/p>\n<p class=\"sc-cPiKLX AiZTS text-element\"><b>De 15 h 30 \u00e0 16 h 30. In\u00e9galit\u00e9s environnementales : qui paie vraiment le prix de la pollution ? <\/b>Usines aux portes des cit\u00e9s, logements insalubres, autoroutes aux pieds des quartiers populaires\u2026 L\u2019environnement n\u2019est pas neutre socialement. Des zones industrielles aux d\u00e9serts alimentaires, histoire silencieuse d\u2019une fracture spatiale qui dit tout des injustices. Comment faire de cette r\u00e9alit\u00e9 trop longtemps accept\u00e9e un combat politique majeur ? Avec <b>Paul Klotz<\/b>, haut fonctionnaire et expert associ\u00e9 \u00e0 la Fondation Jean Jaur\u00e8s, <b>Cannelle Fourdrinier<\/b>, consultante juridique et responsable plaidoyer pour les Impactrices. Rencontre anim\u00e9e par Camille Rio, journaliste \u00e0 Lib\u00e9ration. <a href=\"https:\/\/www.eventbrite.fr\/e\/climat-libe-tour-marseille-tickets-1682532543129\" target=\"_blank\" rel=\"nofollow noopener\" title=\"https:\/\/www.eventbrite.fr\/e\/climat-libe-tour-marseille-tickets-1682532543129\"><b>Prenez vos places ici, c\u2019est gratuit !<\/b><\/a><b> <\/b> <\/p>\n<p class=\"sc-cPiKLX AiZTS text-element\"><b>De 16 h 30 \u00e0 18 heures.<\/b> <b>A qui appartient la nature ? <\/b>Certains espaces se transforment et ne ressemblent plus \u00e0 ce qu\u2019ils \u00e9taient. Comment faire pour que la nature reste un lieu de d\u00e9tente et de bien-\u00eatre pour tous ? Entre \u00abgentrification verte\u00bb qui \u00e9loigne les plus pr\u00e9caires et la n\u00e9cessit\u00e9 de prot\u00e9ger nos \u00e9cosyst\u00e8mes, il nous faut imaginer une \u00e9cologie r\u00e9ellement inclusive. Aujourd\u2019hui, acc\u00e9der \u00e0 la nature est-ce devenu un luxe r\u00e9serv\u00e9 \u00e0 quelques-uns ? Avec <b>Olivier Poivre d\u2019Arvor<\/b>, ambassadeur pour les p\u00f4les et les enjeux maritimes,<b> Laurent Scheyer<\/b>, directeur adjoint de l\u2019\u00e9tablissement public du Parc national des Calanques et <b>Brahim Timricht, <\/b>fondateur de<b> <\/b>l\u2019association le Grand Bleu qui apprend \u00e0 nager gratuitement notamment aux jeunes des quartiers nord.<b> <\/b><a href=\"https:\/\/www.eventbrite.fr\/e\/climat-libe-tour-marseille-tickets-1682532543129\" target=\"_blank\" rel=\"nofollow noopener\" title=\"https:\/\/www.eventbrite.fr\/e\/climat-libe-tour-marseille-tickets-1682532543129\"><b>Entr\u00e9e libre sur inscription.<\/b><\/a> <\/p>\n<p class=\"sc-cPiKLX AiZTS text-element\"><b>De 18 heures \u00e0 20 heures. Emission Twitch en live et en direct.<\/b> Programmation \u00e0 venir !<b> <\/b><a href=\"https:\/\/www.eventbrite.fr\/e\/climat-libe-tour-marseille-tickets-1682532543129\" target=\"_blank\" rel=\"nofollow noopener\" title=\"https:\/\/www.eventbrite.fr\/e\/climat-libe-tour-marseille-tickets-1682532543129\"><b>Pour y assister, prenez vos places d\u00e8s maintenant !<\/b><\/a> <\/p>\n<p class=\"sc-cPiKLX AiZTS text-element\"><b>De 11 heures \u00e0 12 h 30. Viens cr\u00e9er ta pancarte <\/b>aux c\u00f4t\u00e9s de <b>Mathilde Caillard<\/b>, artiste engag\u00e9e, plus connue sous le nom de <b>MC danse pour le climat<\/b>. Elle s\u2019est fait conna\u00eetre en tant que \u00abtechno activiste\u00bb durant les manifestations contre la r\u00e9forme des retraites, par l\u2019utilisation de la musique \u00e9lectronique et de la danse pour porter des revendications politiques, au sein du cort\u00e8ge de l\u2019Alliance \u00e9cologique et sociale. Son atelier pancarte cr\u00e9e un espace collectif et festif pour concevoir des slogans percutants. R\u00e9sultat : des pancartes engag\u00e9es qui lient luttes sociales et urgences climatiques ! <a href=\"\" target=\"_blank\" rel=\"\" title=\"\"><b>Inscription gratuite dans la limite des places disponibles.<\/b><\/a> <\/p>\n<p class=\"sc-cPiKLX AiZTS text-element\"><b>A partir de 11 heures.<\/b> <b>Siestes sonores. <\/b>\u00abBruits Roses\u00bb propose une s\u00e9lection sonore singuli\u00e8re autour de la M\u00e9diterran\u00e9e. Dans les jardins de la Citadelle face \u00e0 la mer, install\u00e9es dans des transats, plongez dans notre s\u00e9lection de podcasts d\u2019auteurs m\u00e9diterran\u00e9ens Des \u0153uvres qui racontent la mer, ses rivages, ses imaginaires et ses bouleversements. <a href=\"https:\/\/www.eventbrite.fr\/e\/climat-libe-tour-marseille-tickets-1682532543129\" target=\"_blank\" rel=\"nofollow noopener\" title=\"https:\/\/www.eventbrite.fr\/e\/climat-libe-tour-marseille-tickets-1682532543129\"><b>Pour en profiter, inscrivez-vous ici gratuitement !<\/b><\/a> <\/p>\n<p class=\"sc-cPiKLX AiZTS text-element\"><b>Expo. <\/b>La mission \u00abMarseille 2030 Objectif Climat\u00bb propose des ateliers itin\u00e9rants anim\u00e9s par des m\u00e9diatrices scientifiques qui viendront \u00e0 la rencontre des enfants et des familles. A travers des maquettes interactives, exp\u00e9riences et jeux, petits et grands pourront comprendre les enjeux et les moyens permettant de construire une ville plus r\u00e9siliente. <\/p>\n<p class=\"sc-cPiKLX AiZTS text-element\"><b>Village des solutions. <\/b>Venez \u00e0 la rencontre des associations engag\u00e9es sur le territoire : France Nature Environnement Provence-Alpes-C\u00f4te d\u2019Azur (FNE PACA), Wings of the Ocean, Ville de Marseille\u2026 <\/p>\n","protected":false},"excerpt":{"rendered":"Jeunesse, transports, logement, biodiversit\u00e9\u2026 En 2025, Lib\u00e9 explore la th\u00e9matique de la transition \u00e9cologique lors d\u2019une s\u00e9rie de&hellip;\n","protected":false},"author":2,"featured_media":392689,"comment_status":"","ping_status":"","sticky":false,"template":"","format":"standard","meta":{"footnotes":""},"categories":[2814],"tags":[1111,11,6842,1777,674,1011,27,884,12,882,25],"class_list":{"0":"post-392688","1":"post","2":"type-post","3":"status-publish","4":"format-standard","5":"has-post-thumbnail","7":"category-marseille","8":"tag-actu","9":"tag-actualites","10":"tag-climat-libe-tour","11":"tag-eu","12":"tag-europe","13":"tag-fr","14":"tag-france","15":"tag-marseille","16":"tag-news","17":"tag-provence-alpes-cote-dazur","18":"tag-republique-francaise"},"share_on_mastodon":{"url":"https:\/\/pubeurope.com\/@fr\/115208588170818269","error":""},"_links":{"self":[{"href":"https:\/\/www.europesays.com\/fr\/wp-json\/wp\/v2\/posts\/392688","targetHints":{"allow":["GET"]}}],"collection":[{"href":"https:\/\/www.europesays.com\/fr\/wp-json\/wp\/v2\/posts"}],"about":[{"href":"https:\/\/www.europesays.com\/fr\/wp-json\/wp\/v2\/types\/post"}],"author":[{"embeddable":true,"href":"https:\/\/www.europesays.com\/fr\/wp-json\/wp\/v2\/users\/2"}],"replies":[{"embeddable":true,"href":"https:\/\/www.europesays.com\/fr\/wp-json\/wp\/v2\/comments?post=392688"}],"version-history":[{"count":0,"href":"https:\/\/www.europesays.com\/fr\/wp-json\/wp\/v2\/posts\/392688\/revisions"}],"wp:featuredmedia":[{"embeddable":true,"href":"https:\/\/www.europesays.com\/fr\/wp-json\/wp\/v2\/media\/392689"}],"wp:attachment":[{"href":"https:\/\/www.europesays.com\/fr\/wp-json\/wp\/v2\/media?parent=392688"}],"wp:term":[{"taxonomy":"category","embeddable":true,"href":"https:\/\/www.europesays.com\/fr\/wp-json\/wp\/v2\/categories?post=392688"},{"taxonomy":"post_tag","embeddable":true,"href":"https:\/\/www.europesays.com\/fr\/wp-json\/wp\/v2\/tags?post=392688"}],"curies":[{"name":"wp","href":"https:\/\/api.w.org\/{rel}","templated":true}]}}