{"id":392700,"date":"2025-09-15T13:44:11","date_gmt":"2025-09-15T13:44:11","guid":{"rendered":"https:\/\/www.europesays.com\/fr\/392700\/"},"modified":"2025-09-15T13:44:11","modified_gmt":"2025-09-15T13:44:11","slug":"une-arme-de-destruction-massive-du-logement-a-paris-un-immeuble-transforme-en-hotel-grace-aux-bailleurs","status":"publish","type":"post","link":"https:\/\/www.europesays.com\/fr\/392700\/","title":{"rendered":"\u00ab\u00a0Une arme de destruction massive du logement\u00a0\u00bb\u00a0: \u00e0 Paris, un immeuble transform\u00e9 en h\u00f4tel\u2026 gr\u00e2ce aux bailleurs"},"content":{"rendered":"<p class=\"paragraph text_align_left lp-f-body-02\">Une ville qui peine \u00e0 loger ses habitants peut-elle se permettre le luxe de d\u00e9tourner des appartements de leur usage principal ? Dans son fauteuil de maire (Horizons) du <a href=\"https:\/\/www.leparisien.fr\/paris-75\/paris-75005\/\" target=\"_blank\" rel=\"noreferrer nofollow noopener\">Ve arrondissement<\/a> de Paris, <a href=\"https:\/\/www.leparisien.fr\/elections\/legislatives\/une-femme-de-terrain-michel-barnier-en-ticket-avec-florence-berthout-pour-paris-28-08-2025-6NL7YOI7ONGTTN7MF273VEQGBY.php\" target=\"_blank\" rel=\"noreferrer nofollow noopener\">Florence Berthout<\/a> ne d\u00e9col\u00e8re pas depuis qu\u2019elle a d\u00e9couvert, au printemps dernier, qu\u2019un immeuble haussmannien de six \u00e9tages allait prochainement se transformer\u2026 en h\u00f4tel. Au n\u00b0 3 de la tr\u00e8s chic rue Gay-Lussac, juste en face du Jardin du Luxembourg, le permis de construire s\u2019affiche d\u00e9j\u00e0 sur la fa\u00e7ade et ses 1 500 m2 de logements.<\/p>\n<p class=\"paragraph text_align_left lp-f-body-02\">Pilot\u00e9e par le cabinet Geoffroy Arents Architecte, l\u2019op\u00e9ration a \u00e9t\u00e9 rendue possible par un m\u00e9canisme complexe \u2014 et m\u00e9connu \u2014 dit de \u00ab changement d\u2019usage. Le principe ? Un propri\u00e9taire qui souhaite <a href=\"https:\/\/www.leparisien.fr\/immobilier\/transformer-les-bureaux-en-logements-la-loi-de-simplification-adoptee-05-06-2025-THTLLL2MYZDONGCG6D6YE7X7MY.php\" target=\"_blank\" rel=\"noreferrer nofollow noopener\">transformer l\u2019usage de son bien<\/a> (par exemple transformer des locaux d\u2019habitation en bureaux ou h\u00f4tels), peut racheter des \u00ab titres de compensation \u00bb aupr\u00e8s d\u2019un bailleur qui aurait, au pr\u00e9alable, r\u00e9alis\u00e9 une <a href=\"https:\/\/www.leparisien.fr\/immobilier\/immobilier-transformer-des-bureaux-en-logements-vraiment-une-bonne-idee-11-02-2025-3FVG7B4TW5BK3NHPHVFX2J5GAE.php\" target=\"_blank\" rel=\"noreferrer nofollow noopener\">op\u00e9ration de cr\u00e9ation en logements<\/a>.<\/p>\n","protected":false},"excerpt":{"rendered":"Une ville qui peine \u00e0 loger ses habitants peut-elle se permettre le luxe de d\u00e9tourner des appartements de&hellip;\n","protected":false},"author":2,"featured_media":392701,"comment_status":"","ping_status":"","sticky":false,"template":"","format":"standard","meta":{"footnotes":""},"categories":[1888],"tags":[11,1777,674,1011,27,1116,1944,12,626,25],"class_list":{"0":"post-392700","1":"post","2":"type-post","3":"status-publish","4":"format-standard","5":"has-post-thumbnail","7":"category-paris","8":"tag-actualites","9":"tag-eu","10":"tag-europe","11":"tag-fr","12":"tag-france","13":"tag-immobilier","14":"tag-ma-ville","15":"tag-news","16":"tag-paris","17":"tag-republique-francaise"},"share_on_mastodon":{"url":"https:\/\/pubeurope.com\/@fr\/115208615593248229","error":""},"_links":{"self":[{"href":"https:\/\/www.europesays.com\/fr\/wp-json\/wp\/v2\/posts\/392700","targetHints":{"allow":["GET"]}}],"collection":[{"href":"https:\/\/www.europesays.com\/fr\/wp-json\/wp\/v2\/posts"}],"about":[{"href":"https:\/\/www.europesays.com\/fr\/wp-json\/wp\/v2\/types\/post"}],"author":[{"embeddable":true,"href":"https:\/\/www.europesays.com\/fr\/wp-json\/wp\/v2\/users\/2"}],"replies":[{"embeddable":true,"href":"https:\/\/www.europesays.com\/fr\/wp-json\/wp\/v2\/comments?post=392700"}],"version-history":[{"count":0,"href":"https:\/\/www.europesays.com\/fr\/wp-json\/wp\/v2\/posts\/392700\/revisions"}],"wp:featuredmedia":[{"embeddable":true,"href":"https:\/\/www.europesays.com\/fr\/wp-json\/wp\/v2\/media\/392701"}],"wp:attachment":[{"href":"https:\/\/www.europesays.com\/fr\/wp-json\/wp\/v2\/media?parent=392700"}],"wp:term":[{"taxonomy":"category","embeddable":true,"href":"https:\/\/www.europesays.com\/fr\/wp-json\/wp\/v2\/categories?post=392700"},{"taxonomy":"post_tag","embeddable":true,"href":"https:\/\/www.europesays.com\/fr\/wp-json\/wp\/v2\/tags?post=392700"}],"curies":[{"name":"wp","href":"https:\/\/api.w.org\/{rel}","templated":true}]}}